{"id":5283,"date":"2018-09-20T13:37:57","date_gmt":"2018-09-20T16:37:57","guid":{"rendered":"https:\/\/hostnetart.com.br\/baixada\/conquista-dos-bancarios-plr-e-paga-nesta-quinta-feira-20\/"},"modified":"2018-09-20T13:37:57","modified_gmt":"2018-09-20T16:37:57","slug":"conquista-dos-bancarios-plr-e-paga-nesta-quinta-feira-20","status":"publish","type":"post","link":"https:\/\/hostnetart.com.br\/baixada\/conquista-dos-bancarios-plr-e-paga-nesta-quinta-feira-20\/","title":{"rendered":"Conquista dos banc\u00e1rios, PLR \u00e9 paga nesta quinta-feira (20)"},"content":{"rendered":"<div class=\"content\">\n<p>Mesmo em uma conjuntura de golpe e retirada de direitos, os banc\u00e1rios mostraram sua for\u00e7a em uma\u00a0Campanha Nacional vitoriosa. Mantiveram todas as cl\u00e1usulas da Conven\u00e7\u00e3o Coletiva de Trabalho (CCT) da categoria \u2013 vencendo as amea\u00e7as da reforma trabalhista de Temer e seus aliados no\u00a0Congresso \u2013, garantiram reajuste de 5% (corre\u00e7\u00e3o da infla\u00e7\u00e3o pelo INPC mais\u00a0aumento real de 1,31%, maior que a m\u00e9dia de outras categorias) nos sal\u00e1rios, nas parcelas fixas da PLR e em demais verbas como vales alimenta\u00e7\u00e3o e refei\u00e7\u00e3o e 13\u00aa cesta alimenta\u00e7\u00e3o. O acordo \u00e9 de dois anos e prev\u00ea reposi\u00e7\u00e3o da infla\u00e7\u00e3o e aumento real de 1% em 2019. Os trabalhadores\u00a0tamb\u00e9m conseguiram a antecipa\u00e7\u00e3o da primeira parcela da PLR para at\u00e9 20 de setembro.<\/p>\n<p>Os banc\u00e1rios foram a primeira categoria no Brasil a conquistar participa\u00e7\u00e3o nos lucros, ap\u00f3s mobiliza\u00e7\u00e3o vitoriosa em 1995. Em 2003, outro avan\u00e7o: empregados de bancos p\u00fablicos tamb\u00e9m passaram a ter direito \u00e0 PLR paga pelos bancos privados.\u00a0<\/p>\n<h3><strong>Confira datas por banco<\/strong><\/h3>\n<p>Mesmo com a antecipa\u00e7\u00e3o da primeira parcela para 20 de setembro, alguns bancos resolveram adiantar mais ainda. O\u00a0<a href=\"http:\/\/www.contrafcut.org.br\/noticias\/banco-do-brasil-paga-plr-nesta-quinta-feira-6-7fcd\">Banco do Brasil\u00a0pagou no dia 6 de setembro<\/a>. O\u00a0Safra\u00a0tamb\u00e9m antecipou e pagou no dia 14 de setembro.<\/p>\n<p>A\u00a0<a href=\"http:\/\/www.contrafcut.org.br\/noticias\/caixa-paga-de-forma-incorreta-1-parcela-da-plr-8ecf\">Caixa pagou no dia 5 de setembro, mas apenas 70%\u00a0do adiantamento<\/a>, e far\u00e1 o cr\u00e9dito dos 30% restantes no dia 20 de setembro. \u00c9 importante lembrar que os banc\u00e1rios da Caixa mantiveram o direito \u00e0 PLR Social, conquista hist\u00f3rica de 2010 que corresponde \u00e0 distribui\u00e7\u00e3o linear de 4% do lucro do banco. Portanto, PLR da CCT e PLR Social garantem aos banc\u00e1rios da Caixa uma distribui\u00e7\u00e3o linear de 6,2% do lucro do banco.<\/p>\n<p>Bradesco, Ita\u00fa e Santander pagar\u00e3o a PLR no prazo previsto: 20 de setembro. O\u00a0Bradesco\u00a0vai antecipar para 26 de setembro o pagamento da 13\u00aa cesta alimenta\u00e7\u00e3o, que normalmente \u00e9 creditada em dezembro.\u00a0<\/p>\n<p>Al\u00e9m da PLR, o Ita\u00fa credita o PCR (Programa Complementar de Resultados) no mesmo dia 20. O Santander tamb\u00e9m paga em 20 de setembro seu programa pr\u00f3prio o PPRS, que garante uma vari\u00e1vel m\u00ednima de R$ 2.550 para todos os trabalhadores.<\/p>\n<h3><strong>Veja regra da PLR<\/strong><\/h3>\n<p><strong>PLR Total: Regra B\u00e1sica + Parcela Adicional<\/strong><br \/> \u2022 \u00a0Regra B\u00e1sica: 90% do sal\u00e1rio + valor fixo de R$ 2.355,76. Caso o montante n\u00e3o atinja 5% do lucro l\u00edquido dos bancos o valor ser\u00e1 elevado at\u00e9 o limite individual de 2,2 sal\u00e1rios.<br \/> \u2022 \u00a0Parcela Adicional: distribui\u00e7\u00e3o linear de 2,2% do lucro l\u00edquido anual dos bancos, com teto de R$ 4.711,52<\/p>\n<p><strong>Antecipa\u00e7\u00e3o da PLR<\/strong><br \/> \u2022 \u00a060% da regra b\u00e1sica, ou seja, 54% do sal\u00e1rio + R$ 1.413,46<br \/> \u2022 Parcela adicional: Distribui\u00e7\u00e3o linear de 2,2% do lucro l\u00edquido semestral dos bancos, com teto de R$ 2.355,76.<\/p>\n<h3><strong>Veja quanto receber\u00e1 de acordo com o sal\u00e1rio:<\/strong><\/h3>\n<p><strong><a class=\"has-subtitle img\" style=\"height: 265px; width: 425px;\" title=\"\" href=\"http:\/\/admin.contrafcut.com.br\/system\/uploads\/ck\/images\/tabela%20PLR(2).jpeg\" data-lightbox=\"lightbox\" data-title=\"\"><img decoding=\"async\" style=\"height: 265px; width: 425px;\" src=\"http:\/\/www.contrafcut.org.br\/images\/_82fe3982dca77e3d2174fe69a7f7ef16.jpeg\" alt=\"\" \/><\/a><\/strong><\/p>\n<\/div>\n<p id=\"page-author\"><span style=\"text-decoration: underline;\"><em><strong>Fonte: Seeb SP<\/strong><\/em><\/span><\/p>\n","protected":false},"excerpt":{"rendered":"<p>Mesmo em uma conjuntura de golpe e retirada de direitos, os banc\u00e1rios mostraram sua for\u00e7a em uma\u00a0Campanha Nacional vitoriosa. Mantiveram todas as cl\u00e1usulas da Conven\u00e7\u00e3o Coletiva de Trabalho (CCT) da categoria \u2013 vencendo as amea\u00e7as da reforma trabalhista de Temer e seus aliados no\u00a0Congresso \u2013, garantiram reajuste de 5% (corre\u00e7\u00e3o da infla\u00e7\u00e3o pelo INPC mais\u00a0aumento [&hellip;]<\/p>\n","protected":false},"author":2,"featured_media":5282,"comment_status":"","ping_status":"","sticky":false,"template":"","format":"standard","meta":{"footnotes":""},"categories":[3],"tags":[],"class_list":["post-5283","post","type-post","status-publish","format-standard","has-post-thumbnail","hentry","category-noticias"],"_links":{"self":[{"href":"https:\/\/hostnetart.com.br\/baixada\/wp-json\/wp\/v2\/posts\/5283","targetHints":{"allow":["GET"]}}],"collection":[{"href":"https:\/\/hostnetart.com.br\/baixada\/wp-json\/wp\/v2\/posts"}],"about":[{"href":"https:\/\/hostnetart.com.br\/baixada\/wp-json\/wp\/v2\/types\/post"}],"author":[{"embeddable":true,"href":"https:\/\/hostnetart.com.br\/baixada\/wp-json\/wp\/v2\/users\/2"}],"replies":[{"embeddable":true,"href":"https:\/\/hostnetart.com.br\/baixada\/wp-json\/wp\/v2\/comments?post=5283"}],"version-history":[{"count":0,"href":"https:\/\/hostnetart.com.br\/baixada\/wp-json\/wp\/v2\/posts\/5283\/revisions"}],"wp:featuredmedia":[{"embeddable":true,"href":"https:\/\/hostnetart.com.br\/baixada\/wp-json\/wp\/v2\/media\/5282"}],"wp:attachment":[{"href":"https:\/\/hostnetart.com.br\/baixada\/wp-json\/wp\/v2\/media?parent=5283"}],"wp:term":[{"taxonomy":"category","embeddable":true,"href":"https:\/\/hostnetart.com.br\/baixada\/wp-json\/wp\/v2\/categories?post=5283"},{"taxonomy":"post_tag","embeddable":true,"href":"https:\/\/hostnetart.com.br\/baixada\/wp-json\/wp\/v2\/tags?post=5283"}],"curies":[{"name":"wp","href":"https:\/\/api.w.org\/{rel}","templated":true}]}}