{"id":5281,"date":"2018-09-19T18:15:36","date_gmt":"2018-09-19T21:15:36","guid":{"rendered":"https:\/\/hostnetart.com.br\/baixada\/idec-aponta-falta-de-controle-sobre-reajustes-feitos-pelos-planos-de-saude\/"},"modified":"2018-09-19T18:15:36","modified_gmt":"2018-09-19T21:15:36","slug":"idec-aponta-falta-de-controle-sobre-reajustes-feitos-pelos-planos-de-saude","status":"publish","type":"post","link":"https:\/\/hostnetart.com.br\/baixada\/idec-aponta-falta-de-controle-sobre-reajustes-feitos-pelos-planos-de-saude\/","title":{"rendered":"Idec aponta falta de controle sobre reajustes feitos pelos planos de sa\u00fade"},"content":{"rendered":"<p class=\" \">Ap\u00f3s o aumento de 10% nos planos de sa\u00fade individuais, autorizado pela Ag\u00eancia Nacional de Sa\u00fade Suplementar (ANS) em junho, segurados t\u00eam reclamado que o reajuste, superior a infla\u00e7\u00e3o de 4,39%, medida pelo \u00cdndice Nacional de Pre\u00e7os ao Consumidor (IPCA) \u00e9 abusivo. Diante das queixas registradas pelo Instituto Brasileiro de Defesa do Consumidor (Idec), a pesquisadora em Sa\u00fade do \u00f3rg\u00e3o Ana Carolina Navarrete alerta que os usu\u00e1rios que identificaram um aumento superior ao teto aprovado podem pedir justificativas ao plano e denunciar junto \u00e0 ANS, aos Procons e na Justi\u00e7a.<\/p>\n<p class=\" \">Os planos de sa\u00fade respondem, de acordo com dados do Idec, a mais de 23% do total de reclama\u00e7\u00f5es registradas pelos consumidores. Desse total, 44,5% questionavam os reajustes. Em entrevista ao rep\u00f3rter Cosmo Silva, da\u00a0<b>R\u00e1dio Brasil Atual<\/b>, Ana Carolina destaca ainda que, nos \u00faltimos dois anos, a fiscaliza\u00e7\u00e3o dos aumentos foi falha e a falta de regula\u00e7\u00e3o do setor prejudica os usu\u00e1rios que ficam ref\u00e9ns das operadoras.<\/p>\n<p class=\" \">&#8220;O consumidor tem ficando cada mais preocupado em como pagar o plano de sa\u00fade e uma das explica\u00e7\u00f5es poss\u00edveis \u00e9 que de fato n\u00e3o est\u00e1 existindo um controle sobre esses aumentos&#8221;, afirma. O registro de aumentos superior \u00e0 infla\u00e7\u00e3o, como tamb\u00e9m feito em 2017, quando a ANS autorizou o reajuste de 13,55% em contrapartida a infla\u00e7\u00e3o daquele per\u00edodo, de 2,9%, registrada pelo IPCA,\u00a0<a class=\"external-link\" title=\"\" href=\"https:\/\/www12.senado.leg.br\/noticias\/materias\/2018\/09\/12\/senadores-cobram-instalacao-da-cpi-dos-planos-de-saude\" target=\"_blank\" rel=\"noopener noreferrer\">senadores\u00a0<\/a>articulam a cria\u00e7\u00e3o de uma Comiss\u00e3o Parlamentar de Inqu\u00e9rito (CPI) para apurar os constantes aumentos.\u00a0\u00a0<\/p>\n<p class=\" \">\u00a0<\/p>\n<p class=\" \"><span style=\"text-decoration: underline;\"><em><strong>Fonte: Rede Brasil Atual<\/strong><\/em><\/span><\/p>\n","protected":false},"excerpt":{"rendered":"<p>Ap\u00f3s o aumento de 10% nos planos de sa\u00fade individuais, autorizado pela Ag\u00eancia Nacional de Sa\u00fade Suplementar (ANS) em junho, segurados t\u00eam reclamado que o reajuste, superior a infla\u00e7\u00e3o de 4,39%, medida pelo \u00cdndice Nacional de Pre\u00e7os ao Consumidor (IPCA) \u00e9 abusivo. Diante das queixas registradas pelo Instituto Brasileiro de Defesa do Consumidor (Idec), a [&hellip;]<\/p>\n","protected":false},"author":2,"featured_media":5280,"comment_status":"","ping_status":"","sticky":false,"template":"","format":"standard","meta":{"footnotes":""},"categories":[3],"tags":[],"class_list":["post-5281","post","type-post","status-publish","format-standard","has-post-thumbnail","hentry","category-noticias"],"_links":{"self":[{"href":"https:\/\/hostnetart.com.br\/baixada\/wp-json\/wp\/v2\/posts\/5281","targetHints":{"allow":["GET"]}}],"collection":[{"href":"https:\/\/hostnetart.com.br\/baixada\/wp-json\/wp\/v2\/posts"}],"about":[{"href":"https:\/\/hostnetart.com.br\/baixada\/wp-json\/wp\/v2\/types\/post"}],"author":[{"embeddable":true,"href":"https:\/\/hostnetart.com.br\/baixada\/wp-json\/wp\/v2\/users\/2"}],"replies":[{"embeddable":true,"href":"https:\/\/hostnetart.com.br\/baixada\/wp-json\/wp\/v2\/comments?post=5281"}],"version-history":[{"count":0,"href":"https:\/\/hostnetart.com.br\/baixada\/wp-json\/wp\/v2\/posts\/5281\/revisions"}],"wp:featuredmedia":[{"embeddable":true,"href":"https:\/\/hostnetart.com.br\/baixada\/wp-json\/wp\/v2\/media\/5280"}],"wp:attachment":[{"href":"https:\/\/hostnetart.com.br\/baixada\/wp-json\/wp\/v2\/media?parent=5281"}],"wp:term":[{"taxonomy":"category","embeddable":true,"href":"https:\/\/hostnetart.com.br\/baixada\/wp-json\/wp\/v2\/categories?post=5281"},{"taxonomy":"post_tag","embeddable":true,"href":"https:\/\/hostnetart.com.br\/baixada\/wp-json\/wp\/v2\/tags?post=5281"}],"curies":[{"name":"wp","href":"https:\/\/api.w.org\/{rel}","templated":true}]}}