{"id":5275,"date":"2018-09-19T15:15:38","date_gmt":"2018-09-19T18:15:38","guid":{"rendered":"https:\/\/hostnetart.com.br\/baixada\/servidores-mobilizam-se-contra-norma-de-temer-que-altera-jornada-de-trabalho\/"},"modified":"2018-09-19T15:15:38","modified_gmt":"2018-09-19T18:15:38","slug":"servidores-mobilizam-se-contra-norma-de-temer-que-altera-jornada-de-trabalho","status":"publish","type":"post","link":"https:\/\/hostnetart.com.br\/baixada\/servidores-mobilizam-se-contra-norma-de-temer-que-altera-jornada-de-trabalho\/","title":{"rendered":"Servidores mobilizam-se contra norma de Temer que altera jornada de trabalho"},"content":{"rendered":"<p class=\" \">Entidades sindicais que representam os\u00a0<a class=\"internal-link\" title=\"\" href=\"https:\/\/www.redebrasilatual.com.br\/trabalho\/2018\/09\/terceirizacao-irrestrita-deve-atingir-servico-publico-alertam-especialistas\" target=\"_blank\" rel=\"noopener noreferrer\">servidores p\u00fablicos<\/a>\u00a0est\u00e3o se mobilizando para derrubar a\u00a0<a class=\"external-link\" title=\"\" href=\"http:\/\/portal.imprensanacional.gov.br\/materia\/-\/asset_publisher\/Kujrw0TZC2Mb\/content\/id\/40731752\/do1-2018-09-13-instrucao-normativa-n-2-de-12-de-setembro-de-2018-40731584\" target=\"_blank\" rel=\"noopener noreferrer\">Instru\u00e7\u00e3o Normativa n\u00ba 2<\/a>, publicada na quinta-feira (13) no\u00a0<em>Di\u00e1rio Oficial da Uni\u00e3o<\/em>, que autoriza a aplica\u00e7\u00e3o do banco de horas e a utiliza\u00e7\u00e3o do sobreaviso aos trabalhadores da categoria. A medida que altera a\u00a0<a class=\"internal-link\" title=\"\" href=\"https:\/\/www.redebrasilatual.com.br\/trabalho\/2018\/09\/a-terceirizacao-nao-e-para-melhorar-servico-e-para-reduzir-salario-diz-vagner-freitas\" target=\"_blank\" rel=\"noopener noreferrer\">jornada de trabalho<\/a>\u00a0dos servidores, se estende a mais de 200 \u00f3rg\u00e3os e entidades (empresas estatais, autarquias, funda\u00e7\u00f5es e empresas de economia mista).<\/p>\n<p class=\" \">Ao rep\u00f3rter U\u00e9lson Kalinovski, do\u00a0<i>Seu Jornal<\/i>, da\u00a0<b>TVT<\/b>, o secret\u00e1rio-geral do Sindicato dos Servidores P\u00fablicos Federais do Distrito Federal (Sindsep-DF), Oton Pereira Neves, afirmou que o instrumento s\u00f3 pode ser feito por uma confedera\u00e7\u00e3o sindical \u2013 e, por causa disso, ser\u00e1 feito questionamento no Supremo Tribunal Federal (STF) por meio de uma a\u00e7\u00e3o direta de inconstitucionalidade (ADI), por meio da Confedera\u00e7\u00e3o dos Trabalhadores no Servi\u00e7o P\u00fablico Federal (Condsef).<\/p>\n<p class=\" \">Na pr\u00e1tica, a norma criada pelo Minist\u00e9rio do Planejamento permite, de forma opcional, que a administra\u00e7\u00e3o federal contabilize em um sistema eletr\u00f4nico as horas trabalhadas, enquanto o sobreaviso trata da permanente disposi\u00e7\u00e3o do servidor aos \u00f3rg\u00e3os e entidades, incluindo nos per\u00edodos fora do hor\u00e1rio acordado e local de trabalho. &#8220;Ataque brutal ao direito do trabalhador, ao direito do descanso remunerado. Portanto, eles querem de uma forma totalmente ilegal transpor a lei que acabou com a nossa CLT para dentro do servi\u00e7o p\u00fablico&#8221;, critica Neves, fazendo refer\u00eancia a\u00a0<a class=\"internal-link\" title=\"\" href=\"https:\/\/www.redebrasilatual.com.br\/trabalho\/2018\/07\/pesquisadores-apontam-efeito-devastador-da-reforma-trabalhista-de-temer\" target=\"_blank\" rel=\"noopener noreferrer\">&#8220;reforma&#8221; trabalhista<\/a>\u00a0imposta pelo governo Temer.<\/p>\n<p class=\" \">\u00a0<\/p>\n<p class=\" \"><strong>Fonte: Rede Brasil Atual<\/strong><\/p>\n","protected":false},"excerpt":{"rendered":"<p>Entidades sindicais que representam os\u00a0servidores p\u00fablicos\u00a0est\u00e3o se mobilizando para derrubar a\u00a0Instru\u00e7\u00e3o Normativa n\u00ba 2, publicada na quinta-feira (13) no\u00a0Di\u00e1rio Oficial da Uni\u00e3o, que autoriza a aplica\u00e7\u00e3o do banco de horas e a utiliza\u00e7\u00e3o do sobreaviso aos trabalhadores da categoria. A medida que altera a\u00a0jornada de trabalho\u00a0dos servidores, se estende a mais de 200 \u00f3rg\u00e3os e [&hellip;]<\/p>\n","protected":false},"author":2,"featured_media":5274,"comment_status":"","ping_status":"","sticky":false,"template":"","format":"standard","meta":{"footnotes":""},"categories":[3],"tags":[],"class_list":["post-5275","post","type-post","status-publish","format-standard","has-post-thumbnail","hentry","category-noticias"],"_links":{"self":[{"href":"https:\/\/hostnetart.com.br\/baixada\/wp-json\/wp\/v2\/posts\/5275","targetHints":{"allow":["GET"]}}],"collection":[{"href":"https:\/\/hostnetart.com.br\/baixada\/wp-json\/wp\/v2\/posts"}],"about":[{"href":"https:\/\/hostnetart.com.br\/baixada\/wp-json\/wp\/v2\/types\/post"}],"author":[{"embeddable":true,"href":"https:\/\/hostnetart.com.br\/baixada\/wp-json\/wp\/v2\/users\/2"}],"replies":[{"embeddable":true,"href":"https:\/\/hostnetart.com.br\/baixada\/wp-json\/wp\/v2\/comments?post=5275"}],"version-history":[{"count":0,"href":"https:\/\/hostnetart.com.br\/baixada\/wp-json\/wp\/v2\/posts\/5275\/revisions"}],"wp:featuredmedia":[{"embeddable":true,"href":"https:\/\/hostnetart.com.br\/baixada\/wp-json\/wp\/v2\/media\/5274"}],"wp:attachment":[{"href":"https:\/\/hostnetart.com.br\/baixada\/wp-json\/wp\/v2\/media?parent=5275"}],"wp:term":[{"taxonomy":"category","embeddable":true,"href":"https:\/\/hostnetart.com.br\/baixada\/wp-json\/wp\/v2\/categories?post=5275"},{"taxonomy":"post_tag","embeddable":true,"href":"https:\/\/hostnetart.com.br\/baixada\/wp-json\/wp\/v2\/tags?post=5275"}],"curies":[{"name":"wp","href":"https:\/\/api.w.org\/{rel}","templated":true}]}}