{"id":5271,"date":"2018-09-19T13:08:40","date_gmt":"2018-09-19T16:08:40","guid":{"rendered":"https:\/\/hostnetart.com.br\/baixada\/das-poucas-vagas-criadas-apos-reforma-maioria-e-de-parciais-ou-intermitentes\/"},"modified":"2018-09-19T13:08:40","modified_gmt":"2018-09-19T16:08:40","slug":"das-poucas-vagas-criadas-apos-reforma-maioria-e-de-parciais-ou-intermitentes","status":"publish","type":"post","link":"https:\/\/hostnetart.com.br\/baixada\/das-poucas-vagas-criadas-apos-reforma-maioria-e-de-parciais-ou-intermitentes\/","title":{"rendered":"Das poucas vagas criadas ap\u00f3s \u201creforma\u201d, maioria \u00e9 de parciais ou intermitentes"},"content":{"rendered":"<div class=\"content\">\n<p>Desde a entrada em vigor da Lei 13.467\/17, que estabeleceu a reforma trabalhista no Brasil, apenas 50.545 postos de trabalho foram criados no Brasil em nove meses. Assim, mais uma mentira cai por terra: o desmonte na legisla\u00e7\u00e3o ap\u00f3s o golpe n\u00e3o resultou em mais empregos.<\/p>\n<p>Al\u00e9m disso, as poucas vagas geradas, s\u00e3o de trabalho prec\u00e1rio. Foram 26.300 postos intermitentes e 13.320 parciais no per\u00edodo. Ou seja 78,4% do saldo de empregos formais criados desde novembro foi em contratos \u201cat\u00edpicos\u201d, que s\u00f3 puderam ser reconhecidos como emprego ap\u00f3s a \u201creforma\u201d trabalhista.<\/p>\n<p>\u201cS\u00e3o pouco mais de 50 mil vagas frente ao fechamento de 2,9 milh\u00f5es de empregos com carteira entre os meses de dezembro de 2014 e de 2017. Uma m\u00e9dia de 79,5 mil postos a menos por m\u00eas, durante 36 meses. N\u00fameros que na vida real se transformam em fam\u00edlias morando nas ruas, crian\u00e7as sem escola, com\u00e9rcio fechando as portas\u201d, critica Juvandia Moreira, presidenta da Confedera\u00e7\u00e3o Nacional dos Trabalhadores do Ramo Financeiro (Contraf-CUT), lembrando que aumentou em 53,2% o n\u00famero de pessoas que vivem abaixo da linha de pobreza desde 2014, passando de 14,1 milh\u00f5es de pessoas para 21,6 no final de 2017. A extrema pobreza, j\u00e1 atinge 11,8 milh\u00f5es de brasileiros, n\u00edvel mais alto desde 2005.<\/p>\n<p>Os dados est\u00e3o em artigo sobre o tema que pode ser lido\u00a0<a href=\"http:\/\/brasildebate.com.br\/reforma-trabalhista-784-dos-postos-criados-sao-intermitentes-ou-parciais\">aqui<\/a>.<\/p>\n<p><strong>Reforma que fragiliza o trabalhador<\/strong><\/p>\n<p>Esses tipos de contratos precarizados concentraram-se em setores econ\u00f4micos com maior rotatividade e menores sal\u00e1rios: 62% de intermitentes estavam nos setores de Com\u00e9rcio ou Servi\u00e7os nas fun\u00e7\u00f5es de assistente de vendas, servente de obras, alimentador de linha de produ\u00e7\u00e3o, faxineiro, vigilante e gar\u00e7om.<\/p>\n<p>O quadro \u00e9 semelhante entre os contratos por tempo parcial, com praticamente as mesmas ocupa\u00e7\u00f5es no topo do ranking: assistente de vendas, servente de obras, operador de caixa, faxineiro, alimentador de linha de produ\u00e7\u00e3o, repositor de mercadorias, vendedor de com\u00e9rcio varejista e vigilante.<\/p>\n<p>\u201cOu seja, est\u00e1 ocorrendo exatamente o que alertava o movimento sindical: a reforma aumenta a inseguran\u00e7a dos trabalhadores e acomete prioritariamente ocupa\u00e7\u00f5es que j\u00e1 eram mais vulner\u00e1veis e com menores sal\u00e1rios\u201d, lembra Juvandia.<\/p>\n<p>O desmonte trabalhista do governo Temer criou tamb\u00e9m o desligamento por \u201ccomum acordo\u201d. O empregado que pedir para sair da empresa poder\u00e1 negociar com o patr\u00e3o o direito a receber metade da multa de 40% sobre o saldo do FGTS e metade do aviso pr\u00e9vio indenizado, mas perde o direito ao seguro-desemprego. A nova modalidade foi respons\u00e1vel por 94,5 mil desligamentos.<\/p>\n<p><strong>N\u00e3o vote em quem votou contra voc\u00ea<\/strong><\/p>\n<p>Todas essas altera\u00e7\u00f5es apontam para a degrada\u00e7\u00e3o do mercado de trabalho no Brasil, com a redu\u00e7\u00e3o em 9,7% do emprego com carteira assinada; o recuo da ocupa\u00e7\u00e3o em geral, que passou de 92,9 milh\u00f5es para 91,2; o expressivo aumento no n\u00famero de empregadores (11,7%), conta pr\u00f3pria (6,2%), emprego no setor privado sem carteira (5,8%), e do trabalho dom\u00e9stico sem carteira (8,9%). O pa\u00eds tem hoje uma taxa de desocupa\u00e7\u00e3o de 12,4% ou 12,9 milh\u00f5es de desocupados.<\/p>\n<p>\u201cComo diz\u00edamos, a reforma n\u00e3o atacou o desemprego, mas os direitos, as conquistas das categorias profissionais, o trabalho formal. Quem votou a favor da reforma trabalhista de Temer, votou contra o Brasil e os trabalhadores brasileiros\u201d, refor\u00e7a a presidenta da Contraf.<\/p>\n<p>\u201cTemos agora em outubro uma oportunidade \u00fanica de virar esse jogo a favor dos trabalhadores, elegendo deputados, senadores, governadores e um presidente da Rep\u00fablica que se comprometa com a revoga\u00e7\u00e3o dessa reforma e de outros absurdos cometidos desde o golpe, para que o Brasil possa voltar a crescer e se desenvolver\u201d, finalizou a presidenta da Contraf-CUT.<\/p>\n<p>\u00a0<\/p>\n<\/div>\n<p id=\"page-author\"><strong>Fonte: Contraf-CUT<\/strong><\/p>\n","protected":false},"excerpt":{"rendered":"<p>Desde a entrada em vigor da Lei 13.467\/17, que estabeleceu a reforma trabalhista no Brasil, apenas 50.545 postos de trabalho foram criados no Brasil em nove meses. Assim, mais uma mentira cai por terra: o desmonte na legisla\u00e7\u00e3o ap\u00f3s o golpe n\u00e3o resultou em mais empregos. Al\u00e9m disso, as poucas vagas geradas, s\u00e3o de trabalho [&hellip;]<\/p>\n","protected":false},"author":2,"featured_media":5270,"comment_status":"","ping_status":"","sticky":false,"template":"","format":"standard","meta":{"footnotes":""},"categories":[3],"tags":[],"class_list":["post-5271","post","type-post","status-publish","format-standard","has-post-thumbnail","hentry","category-noticias"],"_links":{"self":[{"href":"https:\/\/hostnetart.com.br\/baixada\/wp-json\/wp\/v2\/posts\/5271","targetHints":{"allow":["GET"]}}],"collection":[{"href":"https:\/\/hostnetart.com.br\/baixada\/wp-json\/wp\/v2\/posts"}],"about":[{"href":"https:\/\/hostnetart.com.br\/baixada\/wp-json\/wp\/v2\/types\/post"}],"author":[{"embeddable":true,"href":"https:\/\/hostnetart.com.br\/baixada\/wp-json\/wp\/v2\/users\/2"}],"replies":[{"embeddable":true,"href":"https:\/\/hostnetart.com.br\/baixada\/wp-json\/wp\/v2\/comments?post=5271"}],"version-history":[{"count":0,"href":"https:\/\/hostnetart.com.br\/baixada\/wp-json\/wp\/v2\/posts\/5271\/revisions"}],"wp:featuredmedia":[{"embeddable":true,"href":"https:\/\/hostnetart.com.br\/baixada\/wp-json\/wp\/v2\/media\/5270"}],"wp:attachment":[{"href":"https:\/\/hostnetart.com.br\/baixada\/wp-json\/wp\/v2\/media?parent=5271"}],"wp:term":[{"taxonomy":"category","embeddable":true,"href":"https:\/\/hostnetart.com.br\/baixada\/wp-json\/wp\/v2\/categories?post=5271"},{"taxonomy":"post_tag","embeddable":true,"href":"https:\/\/hostnetart.com.br\/baixada\/wp-json\/wp\/v2\/tags?post=5271"}],"curies":[{"name":"wp","href":"https:\/\/api.w.org\/{rel}","templated":true}]}}