{"id":5267,"date":"2018-09-18T16:51:21","date_gmt":"2018-09-18T19:51:21","guid":{"rendered":"https:\/\/hostnetart.com.br\/baixada\/onu-mostra-que-81-dos-brasileiros-querem-mais-mulheres-na-politica\/"},"modified":"2018-09-18T16:51:21","modified_gmt":"2018-09-18T19:51:21","slug":"onu-mostra-que-81-dos-brasileiros-querem-mais-mulheres-na-politica","status":"publish","type":"post","link":"https:\/\/hostnetart.com.br\/baixada\/onu-mostra-que-81-dos-brasileiros-querem-mais-mulheres-na-politica\/","title":{"rendered":"ONU mostra que 81% dos brasileiros querem mais mulheres na pol\u00edtica"},"content":{"rendered":"<p class=\" \">De acordo com\u00a0<a class=\"external-link\" title=\"\" href=\"http:\/\/www.onumulheres.org.br\/noticias\/81-de-brasileiros-e-brasileiras-querem-politicas-federais-de-promocao-a-igualdade-revela-pesquisa-ibope-onu-mulheres\/\" target=\"_blank\" rel=\"noopener noreferrer\">levantamento<\/a>\u00a0realizado pela Organiza\u00e7\u00e3o das Na\u00e7\u00f5es Unidas (ONU) Mulheres, em parceria com o Ibope, para 81% dos brasileiros s\u00f3 \u00e9 poss\u00edvel conseguir melhorias nos servi\u00e7os p\u00fablicos com\u00a0<a class=\"internal-link\" title=\"\" href=\"https:\/\/www.redebrasilatual.com.br\/cidadania\/2018\/09\/eleicoes-2018-repetem-baixo-numero-de-mulheres-candidatas\" target=\"_blank\" rel=\"noopener noreferrer\">presen\u00e7a maior de mulheres na pol\u00edtica<\/a>\u00a0e em outros espa\u00e7os de poder. Com a aprova\u00e7\u00e3o da opini\u00e3o p\u00fablica, a representante da ONU Mulheres no Brasil, Nadine Gasman, destaca, durante o lan\u00e7amento, na sexta-feira (14), da plataforma Brasil 50-50, que busca ades\u00e3o de candidatura com pol\u00edticas de promo\u00e7\u00e3o da igualdade, que o desafio \u00e9 estabelecer o reconhecimento da demanda com a pr\u00e1tica.<\/p>\n<p class=\" \">\u201cEu sou do 80%, ent\u00e3o tenho que ser congruente. Tenho que fazer acontecer, votando em mais mulheres e em nomes de promotores da igualdade de g\u00eanero e empoderamento das mulheres\u201d, analisa Nadine. A pesquisa aponta ainda que entre os 2.002 participantes que responderam ao question\u00e1rio em 141 munic\u00edpios, 77% afirmam que o Parlamento precisa ser ocupado igualmente por\u00a0<a class=\"internal-link\" title=\"\" href=\"https:\/\/www.redebrasilatual.com.br\/politica\/2018\/09\/mulheres-se-unem-nas-redes-sociais-para-frear-bolsonaro\" target=\"_blank\" rel=\"noopener noreferrer\">mulheres<\/a>\u00a0e homens.<\/p>\n<p class=\" \">No lan\u00e7amento do estudo, as especialistas avaliaram que para garantir a participa\u00e7\u00e3o de mulheres \u00e9 preciso uma ampla reforma pol\u00edtica e criticaram que a \u00fanica Proposta de Emenda \u00e0 Constitui\u00e7\u00e3o\u00a0<a class=\"external-link\" title=\"\" href=\"http:\/\/www.camara.gov.br\/proposicoesWeb\/fichadetramitacao?idProposicao=1724716\" target=\"_blank\" rel=\"noopener noreferrer\">(PEC) 134\/2015<\/a>, que tratava da reserva de vagas, n\u00e3o de candidaturas, tenha sido vetada pelos parlamentares no ano passado. E isso depois que, segundo a ex-ministra do Tribunal Superior Eleitoral (TSE) Luciana Lossio, j\u00e1 haviam reduzido a proposta original de 30% para 10% de vagas.\u00a0<\/p>\n<p class=\" \">\u00a0<\/p>\n<p class=\" \"><strong>FONTE: Rede Brasil Atual<\/strong><\/p>\n","protected":false},"excerpt":{"rendered":"<p>De acordo com\u00a0levantamento\u00a0realizado pela Organiza\u00e7\u00e3o das Na\u00e7\u00f5es Unidas (ONU) Mulheres, em parceria com o Ibope, para 81% dos brasileiros s\u00f3 \u00e9 poss\u00edvel conseguir melhorias nos servi\u00e7os p\u00fablicos com\u00a0presen\u00e7a maior de mulheres na pol\u00edtica\u00a0e em outros espa\u00e7os de poder. Com a aprova\u00e7\u00e3o da opini\u00e3o p\u00fablica, a representante da ONU Mulheres no Brasil, Nadine Gasman, destaca, durante [&hellip;]<\/p>\n","protected":false},"author":2,"featured_media":5266,"comment_status":"","ping_status":"","sticky":false,"template":"","format":"standard","meta":{"footnotes":""},"categories":[3],"tags":[],"class_list":["post-5267","post","type-post","status-publish","format-standard","has-post-thumbnail","hentry","category-noticias"],"_links":{"self":[{"href":"https:\/\/hostnetart.com.br\/baixada\/wp-json\/wp\/v2\/posts\/5267","targetHints":{"allow":["GET"]}}],"collection":[{"href":"https:\/\/hostnetart.com.br\/baixada\/wp-json\/wp\/v2\/posts"}],"about":[{"href":"https:\/\/hostnetart.com.br\/baixada\/wp-json\/wp\/v2\/types\/post"}],"author":[{"embeddable":true,"href":"https:\/\/hostnetart.com.br\/baixada\/wp-json\/wp\/v2\/users\/2"}],"replies":[{"embeddable":true,"href":"https:\/\/hostnetart.com.br\/baixada\/wp-json\/wp\/v2\/comments?post=5267"}],"version-history":[{"count":0,"href":"https:\/\/hostnetart.com.br\/baixada\/wp-json\/wp\/v2\/posts\/5267\/revisions"}],"wp:featuredmedia":[{"embeddable":true,"href":"https:\/\/hostnetart.com.br\/baixada\/wp-json\/wp\/v2\/media\/5266"}],"wp:attachment":[{"href":"https:\/\/hostnetart.com.br\/baixada\/wp-json\/wp\/v2\/media?parent=5267"}],"wp:term":[{"taxonomy":"category","embeddable":true,"href":"https:\/\/hostnetart.com.br\/baixada\/wp-json\/wp\/v2\/categories?post=5267"},{"taxonomy":"post_tag","embeddable":true,"href":"https:\/\/hostnetart.com.br\/baixada\/wp-json\/wp\/v2\/tags?post=5267"}],"curies":[{"name":"wp","href":"https:\/\/api.w.org\/{rel}","templated":true}]}}