{"id":5265,"date":"2018-09-18T16:28:33","date_gmt":"2018-09-18T19:28:33","guid":{"rendered":"https:\/\/hostnetart.com.br\/baixada\/brasil-fica-estagnado-em-ranking-do-indice-de-desenvolvimento-humano\/"},"modified":"2018-09-18T16:28:33","modified_gmt":"2018-09-18T19:28:33","slug":"brasil-fica-estagnado-em-ranking-do-indice-de-desenvolvimento-humano","status":"publish","type":"post","link":"https:\/\/hostnetart.com.br\/baixada\/brasil-fica-estagnado-em-ranking-do-indice-de-desenvolvimento-humano\/","title":{"rendered":"Brasil fica estagnado em ranking do \u00cdndice de Desenvolvimento Humano"},"content":{"rendered":"<p class=\" \">Na an\u00e1lise do diretor-t\u00e9cnico do Dieese, Clemente Ganz L\u00facio, o pequeno crescimento registrado em 2017 pelo Brasil, de 0,001, no \u00cdndice de Desenvolvimento Humano (IDH), divulgado na sexta-feira (14) pelo Programa das Na\u00e7\u00f5es Unidas para o Desenvolvimento (PNUD), \u00e9 reflexo da situa\u00e7\u00e3o socioecon\u00f4mica que atravessa o pa\u00eds e da falta de\u00a0<a class=\"internal-link\" title=\"\" href=\"https:\/\/www.redebrasilatual.com.br\/politica\/2018\/09\/globalizacao-desigual-e-avanco-do-capital-ameacam-a-democracia-no-brasil-e-no-mundo\" target=\"_blank\" rel=\"noopener noreferrer\">enfrentamento das desigualdades<\/a>\u00a0hist\u00f3ricas.\u00a0<\/p>\n<p class=\" \">O resultado registrado no valor de 0,759 \u2013 a escala varia de 0 a 1, e quanto mais pr\u00f3ximo do 1, maior o grau de desenvolvimento humano \u2013 mant\u00e9m o Brasil na 79\u00aa posi\u00e7\u00e3o no ranking de 189 pa\u00edses. Para Clemente, isso evidencia uma \u201cposi\u00e7\u00e3o muito complicada\u201d do ponto de vista de um projeto que busque garantir o\u00a0<a class=\"internal-link\" title=\"\" href=\"https:\/\/www.redebrasilatual.com.br\/cidadania\/2018\/07\/brasil-tera-dificuldades-de-cumprir-metas-de-desenvolvimento-sustentavel-ate-2030\" target=\"_blank\" rel=\"noopener noreferrer\">desenvolvimento de forma sustent\u00e1vel<\/a>, ambiental e humanamente mais justo.<\/p>\n<p class=\" \">\u201cColoca o pa\u00eds muito distante daqueles que j\u00e1 alcan\u00e7aram um padr\u00e3o de desenvolvimento e n\u00e3o s\u00f3 de produ\u00e7\u00e3o, mas de uma produ\u00e7\u00e3o que tem um n\u00edvel de igualdade que \u00e9 muito diferente do observado no Brasil\u201d, afirma o soci\u00f3logo.<\/p>\n<p class=\" \">\u00a0<\/p>\n<p class=\" \"><strong>FONTE: Rede Brasil Atual<\/strong><\/p>\n","protected":false},"excerpt":{"rendered":"<p>Na an\u00e1lise do diretor-t\u00e9cnico do Dieese, Clemente Ganz L\u00facio, o pequeno crescimento registrado em 2017 pelo Brasil, de 0,001, no \u00cdndice de Desenvolvimento Humano (IDH), divulgado na sexta-feira (14) pelo Programa das Na\u00e7\u00f5es Unidas para o Desenvolvimento (PNUD), \u00e9 reflexo da situa\u00e7\u00e3o socioecon\u00f4mica que atravessa o pa\u00eds e da falta de\u00a0enfrentamento das desigualdades\u00a0hist\u00f3ricas.\u00a0 O resultado [&hellip;]<\/p>\n","protected":false},"author":2,"featured_media":5264,"comment_status":"","ping_status":"","sticky":false,"template":"","format":"standard","meta":{"footnotes":""},"categories":[3],"tags":[],"class_list":["post-5265","post","type-post","status-publish","format-standard","has-post-thumbnail","hentry","category-noticias"],"_links":{"self":[{"href":"https:\/\/hostnetart.com.br\/baixada\/wp-json\/wp\/v2\/posts\/5265","targetHints":{"allow":["GET"]}}],"collection":[{"href":"https:\/\/hostnetart.com.br\/baixada\/wp-json\/wp\/v2\/posts"}],"about":[{"href":"https:\/\/hostnetart.com.br\/baixada\/wp-json\/wp\/v2\/types\/post"}],"author":[{"embeddable":true,"href":"https:\/\/hostnetart.com.br\/baixada\/wp-json\/wp\/v2\/users\/2"}],"replies":[{"embeddable":true,"href":"https:\/\/hostnetart.com.br\/baixada\/wp-json\/wp\/v2\/comments?post=5265"}],"version-history":[{"count":0,"href":"https:\/\/hostnetart.com.br\/baixada\/wp-json\/wp\/v2\/posts\/5265\/revisions"}],"wp:featuredmedia":[{"embeddable":true,"href":"https:\/\/hostnetart.com.br\/baixada\/wp-json\/wp\/v2\/media\/5264"}],"wp:attachment":[{"href":"https:\/\/hostnetart.com.br\/baixada\/wp-json\/wp\/v2\/media?parent=5265"}],"wp:term":[{"taxonomy":"category","embeddable":true,"href":"https:\/\/hostnetart.com.br\/baixada\/wp-json\/wp\/v2\/categories?post=5265"},{"taxonomy":"post_tag","embeddable":true,"href":"https:\/\/hostnetart.com.br\/baixada\/wp-json\/wp\/v2\/tags?post=5265"}],"curies":[{"name":"wp","href":"https:\/\/api.w.org\/{rel}","templated":true}]}}