{"id":5263,"date":"2018-09-18T14:25:55","date_gmt":"2018-09-18T17:25:55","guid":{"rendered":"https:\/\/hostnetart.com.br\/baixada\/campanha-pede-a-candidatos-que-revoguem-leis-e-medidas-de-temer\/"},"modified":"2018-09-18T14:25:55","modified_gmt":"2018-09-18T17:25:55","slug":"campanha-pede-a-candidatos-que-revoguem-leis-e-medidas-de-temer","status":"publish","type":"post","link":"https:\/\/hostnetart.com.br\/baixada\/campanha-pede-a-candidatos-que-revoguem-leis-e-medidas-de-temer\/","title":{"rendered":"Campanha pede a candidatos que revoguem leis e medidas de Temer"},"content":{"rendered":"<div class=\"content\">\n<p>As medidas tomadas pelo ileg\u00edtimo Michel Temer (MDB-SP), ap\u00f3s o golpe de 2016, t\u00eam provocado o desmonte do Estado brasileiro e a extin\u00e7\u00e3o de diversos direitos de trabalhadores e trabalhadoras brasileiros, com impactos, sobretudo, \u00e0 popula\u00e7\u00e3o mais pobre do pa\u00eds. E para revogar essas medidas, que incluem a reforma trabalhista, o congelamento dos gastos p\u00fablicos por 20 anos e a entrega da soberania nacional para o capital estrangeiro, foi lan\u00e7ada a\u00a0<a href=\"http:\/\/voterevogue.observatoriosc.org.br\/\">campanha \u2018Vote e Revogue\u2019<\/a>.<\/p>\n<p>O objetivo \u00e9 pedir ao eleitor e \u00e0 eleitora que cobrem dos seus candidatos e candidatas \u00e0 Presid\u00eancia da Rep\u00fablica, \u00e0 C\u00e2mara dos Deputados e ao Senado Federal para que se comprometam, se eleitos, a apoiar a convoca\u00e7\u00e3o de referendos revogat\u00f3rios de aproximadamente 10 medidas aprovadas pelo ileg\u00edtimo Temer. Essa possibilidade est\u00e1 na Constitui\u00e7\u00e3o brasileira, que prev\u00ea que a popula\u00e7\u00e3o seja ouvida tamb\u00e9m por meio de mecanismos de participa\u00e7\u00e3o direta, como plebiscitos e referendos.<\/p>\n<p>As leis e medidas de Temer que os movimentos do \u2018Vote e Revogue\u2019 querem revogar s\u00e3o: reforma Trabalhista; Lei das Terceiriza\u00e7\u00f5es; Teto de Gastos &#8211; Emenda Constitucional 95; reforma do Ensino M\u00e9dio; fim dos Minist\u00e9rios e pol\u00edticas para mulheres e de igualdade racial; desmonte da Funai e das pol\u00edticas ind\u00edgenas; privatiza\u00e7\u00e3o do saneamento b\u00e1sico; desmonte da EBC e da comunica\u00e7\u00e3o p\u00fablica; mudan\u00e7as na regulariza\u00e7\u00e3o de terras urbanas e rurais e a venda do pr\u00e9-sal e entrega dos setores de g\u00e1s e minera\u00e7\u00e3o.<\/p>\n<p>Segundo a secret\u00e1ria de Rela\u00e7\u00f5es de Trabalho da CUT, Gra\u00e7a Costa, a Central apresentou duas propostas, entre as dez eleitas como priorit\u00e1rias, para a resist\u00eancia da classe trabalhadora ao golpe, que retirou democraticamente uma presidenta eleita com 54 milh\u00f5es de votos.<\/p>\n<p>\u201cA CUT apresentou a reforma Trabalhista, que vem promovendo um verdadeiro desmonte na legisla\u00e7\u00e3o que garantia o m\u00ednimo de seguran\u00e7a e estabilidade aos trabalhadores e trabalhadoras, e tamb\u00e9m pedimos a revoga\u00e7\u00e3o da Emenda Constitucional (EC) 95, a PEC do Teto dos Gastos P\u00fablicos, que retira investimentos durante 20 anos de \u00e1reas essenciais como sa\u00fade e educa\u00e7\u00e3o\u201d, explica.<\/p>\n<p>\u201cPrecisamos votar em quem vai revogar essas medidas escandalosas\u201d, destaca a dirigente.<\/p>\n<p>A campanha \u2018Vote e Revogue\u2019 foi produzida pela Plataforma dos Movimentos Sociais pela Reforma do Sistema Pol\u00edtico, em parceria com o projeto \u201cSociedade Civil construindo a Resist\u00eancia Democr\u00e1tica\u201d, com o apoio da CUT, da Frente Brasil Popular e de outros movimentos sociais.<\/p>\n<p>Saiba mais em:\u00a0<a href=\"http:\/\/voterevogue.observatoriosc.org.br\/\">http:\/\/voterevogue.observatoriosc.org.br\/<\/a><\/p>\n<\/div>\n<p id=\"page-author\"><strong>Fonte: CUT<\/strong><\/p>\n","protected":false},"excerpt":{"rendered":"<p>As medidas tomadas pelo ileg\u00edtimo Michel Temer (MDB-SP), ap\u00f3s o golpe de 2016, t\u00eam provocado o desmonte do Estado brasileiro e a extin\u00e7\u00e3o de diversos direitos de trabalhadores e trabalhadoras brasileiros, com impactos, sobretudo, \u00e0 popula\u00e7\u00e3o mais pobre do pa\u00eds. E para revogar essas medidas, que incluem a reforma trabalhista, o congelamento dos gastos p\u00fablicos [&hellip;]<\/p>\n","protected":false},"author":2,"featured_media":5262,"comment_status":"","ping_status":"","sticky":false,"template":"","format":"standard","meta":{"footnotes":""},"categories":[3],"tags":[],"class_list":["post-5263","post","type-post","status-publish","format-standard","has-post-thumbnail","hentry","category-noticias"],"_links":{"self":[{"href":"https:\/\/hostnetart.com.br\/baixada\/wp-json\/wp\/v2\/posts\/5263","targetHints":{"allow":["GET"]}}],"collection":[{"href":"https:\/\/hostnetart.com.br\/baixada\/wp-json\/wp\/v2\/posts"}],"about":[{"href":"https:\/\/hostnetart.com.br\/baixada\/wp-json\/wp\/v2\/types\/post"}],"author":[{"embeddable":true,"href":"https:\/\/hostnetart.com.br\/baixada\/wp-json\/wp\/v2\/users\/2"}],"replies":[{"embeddable":true,"href":"https:\/\/hostnetart.com.br\/baixada\/wp-json\/wp\/v2\/comments?post=5263"}],"version-history":[{"count":0,"href":"https:\/\/hostnetart.com.br\/baixada\/wp-json\/wp\/v2\/posts\/5263\/revisions"}],"wp:featuredmedia":[{"embeddable":true,"href":"https:\/\/hostnetart.com.br\/baixada\/wp-json\/wp\/v2\/media\/5262"}],"wp:attachment":[{"href":"https:\/\/hostnetart.com.br\/baixada\/wp-json\/wp\/v2\/media?parent=5263"}],"wp:term":[{"taxonomy":"category","embeddable":true,"href":"https:\/\/hostnetart.com.br\/baixada\/wp-json\/wp\/v2\/categories?post=5263"},{"taxonomy":"post_tag","embeddable":true,"href":"https:\/\/hostnetart.com.br\/baixada\/wp-json\/wp\/v2\/tags?post=5263"}],"curies":[{"name":"wp","href":"https:\/\/api.w.org\/{rel}","templated":true}]}}