{"id":5257,"date":"2018-09-18T14:21:35","date_gmt":"2018-09-18T17:21:35","guid":{"rendered":"https:\/\/hostnetart.com.br\/baixada\/terceirizacao-irrestrita-colocara-em-risco-o-sigilo-bancario\/"},"modified":"2018-09-18T14:21:35","modified_gmt":"2018-09-18T17:21:35","slug":"terceirizacao-irrestrita-colocara-em-risco-o-sigilo-bancario","status":"publish","type":"post","link":"https:\/\/hostnetart.com.br\/baixada\/terceirizacao-irrestrita-colocara-em-risco-o-sigilo-bancario\/","title":{"rendered":"Terceiriza\u00e7\u00e3o irrestrita colocar\u00e1 em risco o sigilo banc\u00e1rio"},"content":{"rendered":"<div class=\"content\">\n<p>No \u00faltimo 31 de agosto, os banc\u00e1rios assinaram um acordo hist\u00f3rico, numa conjuntura dific\u00edlima: a nova conven\u00e7\u00e3o coletiva de trabalho, que vai at\u00e9 31 de agosto de 2020.<\/p>\n<p>\u00c9 a \u00fanica categoria cuja conven\u00e7\u00e3o coletiva vale para todo o Pa\u00eds. As batalhas na mesa de negocia\u00e7\u00e3o foram exaustivas. Dur\u00edssimas, mesmo.<\/p>\n<p>De um lado, 160 bancos, liderados pela Federa\u00e7\u00e3o Nacional de Bancos (Fenaban), que prop\u00f4s 0,5% de reajuste salarial para os pr\u00f3ximos quatro anos.<\/p>\n<p>Do outro lado, os 480 mil trabalhadores, defendidos por duas coordenadoras do Comando Nacional dos Banc\u00e1rios, representando todos os sindicatos, que n\u00e3o abriam m\u00e3o de direitos j\u00e1 conquistados e pleiteavam novos avan\u00e7os.<\/p>\n<p>O desafio coube a Ivone Silva, presidenta dos Banc\u00e1rios de S\u00e3o Paulo, Osasco e Regi\u00e3o, e a Juvandia Moreira, presidenta da Confedera\u00e7\u00e3o Nacional dos Trabalhadores do Ramo Financeiro (Contraf-CUT).<\/p>\n<p>Pela primeira vez na hist\u00f3ria, pelo lado dos banc\u00e1rios, duas mulheres comandaram a negocia\u00e7\u00e3o com os banqueiros.<\/p>\n<p>\u201cSem d\u00favida alguma, a uni\u00e3o da categoria e a confian\u00e7a dos sindicatos dos banc\u00e1rios de todo o pa\u00eds no Comando Nacional foram determinantes para nossa vit\u00f3ria\u201d, afirma ao\u00a0<em>Viomundo\u00a0<\/em>Ivone Silva, j\u00e1 a postos para outra grande batalha.<\/p>\n<p>Em 30 de agosto, dia anterior \u00e0 assinatura do acordo da conven\u00e7\u00e3o coletiva de trabalho, o Supremo Tribunal Federal (STF) decidiu que a terceiriza\u00e7\u00e3o nas atividades-fim das empresas \u2013a terceiriza\u00e7\u00e3o total \u2014 \u00e9 constitucional<\/p>\n<p>\u201cEssa decis\u00e3o vai afetar milh\u00f5es de empresas e trabalhadores\u201d,\u00a0afirma.<\/p>\n<p>\u201cNo setor financeiro, especificamente, a\u00a0terceiriza\u00e7\u00e3o\u00a0irrestrita vai aumentar em rela\u00e7\u00e3o ao que j\u00e1 existe hoje e atingir todos os segmentos, como as ger\u00eancias, caixas, cr\u00e9dito e \u00e1reas de tecnologia\u201d, alerta Ivone Silva.<\/p>\n<p>\u201cEm consequ\u00eancia, colocar\u00e1 em risco o sigilo banc\u00e1rio, gerando\u00a0perigo sist\u00eamico para a economia brasileira\u201d, previne.<\/p>\n<p>Clique\u00a0<a href=\"https:\/\/www.cut.org.br\/noticias\/terceirizacao-irrestrita-colocara-em-risco-o-sigilo-bancario-ca00\">aqui<\/a>\u00a0e confira a entrevista na \u00edntegra.\u00a0<\/p>\n<\/div>\n<p id=\"page-author\"><strong>Fonte: Concei\u00e7\u00e3o Lemes, Viomundo<\/strong><\/p>\n","protected":false},"excerpt":{"rendered":"<p>No \u00faltimo 31 de agosto, os banc\u00e1rios assinaram um acordo hist\u00f3rico, numa conjuntura dific\u00edlima: a nova conven\u00e7\u00e3o coletiva de trabalho, que vai at\u00e9 31 de agosto de 2020. \u00c9 a \u00fanica categoria cuja conven\u00e7\u00e3o coletiva vale para todo o Pa\u00eds. As batalhas na mesa de negocia\u00e7\u00e3o foram exaustivas. Dur\u00edssimas, mesmo. De um lado, 160 bancos, [&hellip;]<\/p>\n","protected":false},"author":2,"featured_media":5256,"comment_status":"","ping_status":"","sticky":false,"template":"","format":"standard","meta":{"footnotes":""},"categories":[3],"tags":[],"class_list":["post-5257","post","type-post","status-publish","format-standard","has-post-thumbnail","hentry","category-noticias"],"_links":{"self":[{"href":"https:\/\/hostnetart.com.br\/baixada\/wp-json\/wp\/v2\/posts\/5257","targetHints":{"allow":["GET"]}}],"collection":[{"href":"https:\/\/hostnetart.com.br\/baixada\/wp-json\/wp\/v2\/posts"}],"about":[{"href":"https:\/\/hostnetart.com.br\/baixada\/wp-json\/wp\/v2\/types\/post"}],"author":[{"embeddable":true,"href":"https:\/\/hostnetart.com.br\/baixada\/wp-json\/wp\/v2\/users\/2"}],"replies":[{"embeddable":true,"href":"https:\/\/hostnetart.com.br\/baixada\/wp-json\/wp\/v2\/comments?post=5257"}],"version-history":[{"count":0,"href":"https:\/\/hostnetart.com.br\/baixada\/wp-json\/wp\/v2\/posts\/5257\/revisions"}],"wp:featuredmedia":[{"embeddable":true,"href":"https:\/\/hostnetart.com.br\/baixada\/wp-json\/wp\/v2\/media\/5256"}],"wp:attachment":[{"href":"https:\/\/hostnetart.com.br\/baixada\/wp-json\/wp\/v2\/media?parent=5257"}],"wp:term":[{"taxonomy":"category","embeddable":true,"href":"https:\/\/hostnetart.com.br\/baixada\/wp-json\/wp\/v2\/categories?post=5257"},{"taxonomy":"post_tag","embeddable":true,"href":"https:\/\/hostnetart.com.br\/baixada\/wp-json\/wp\/v2\/tags?post=5257"}],"curies":[{"name":"wp","href":"https:\/\/api.w.org\/{rel}","templated":true}]}}