{"id":5255,"date":"2018-09-17T16:42:38","date_gmt":"2018-09-17T19:42:38","guid":{"rendered":"https:\/\/hostnetart.com.br\/baixada\/presidente-do-conselho-de-administracao-quer-aparelhar-a-caixa\/"},"modified":"2018-09-17T16:42:38","modified_gmt":"2018-09-17T19:42:38","slug":"presidente-do-conselho-de-administracao-quer-aparelhar-a-caixa","status":"publish","type":"post","link":"https:\/\/hostnetart.com.br\/baixada\/presidente-do-conselho-de-administracao-quer-aparelhar-a-caixa\/","title":{"rendered":"Presidente do Conselho de Administra\u00e7\u00e3o quer aparelhar a Caixa"},"content":{"rendered":"<div class=\"content\">\n<p>Segundo divulgado pela Coluna do Estad\u00e3o, o Conselho de Administra\u00e7\u00e3o (CA) da Caixa Econ\u00f4mica Federal deve votar nesta quinta-feira (13) altera\u00e7\u00e3o do Estatuto para permitir que diretorias da \u00e1rea de controle (Jur\u00eddica, Auditoria e Corregedoria) sejam ocupadas por servidores efetivos federais de setores afins. H\u00e1 quase 30 anos, esses cargos podem ser preenchidos apenas por empregados concursados do banco.<\/p>\n<p>Para o presidente da Fenae, Jair Pedro Ferreira, trata-se de mais uma medida de Ana Paula Vescovi, que preside o CA, para aparelhar a Caixa. \u201cAssim tem sido a condu\u00e7\u00e3o dela \u00e0 frente do Conselho, seguindo a cartilha do atual governo. Com exce\u00e7\u00e3o da nossa representante no CA, Rita Serrano, eleita pelos trabalhadores, os demais membros s\u00e3o indicados pelo Planalto e atuam para diminuir a Caixa e entregar as opera\u00e7\u00f5es para o sistema financeiro privado\u201d, diz.<\/p>\n<p>A proposta que acaba com a exclusividade dos empregados assumirem diretorias da Caixa j\u00e1 havia sido feita por ocasi\u00e3o do debate do novo Estatuto, em outubro de 2017, mas foi retirada do texto devido \u00e0 grande resist\u00eancia de entidades e banc\u00e1rios. Em maio deste ano, a imprensa ventilou o retorno da proposta, o que foi alvo de a\u00e7\u00f5es populares que conselheiros respondem at\u00e9 hoje. J\u00e1 em agosto, o Conselho de Administra\u00e7\u00e3o anunciou que os pr\u00f3ximos vice-presidentes ser\u00e3o escolhidos em processo seletivo externo, conduzido por consultoria privada.<\/p>\n<p>\u201cEssas s\u00e3o medidas que, a pretexto de refor\u00e7ar a efici\u00eancia e fazer uma melhor gest\u00e3o, miram na privatiza\u00e7\u00e3o como objetivo final, destroem a carreira dos trabalhadores e abrem espa\u00e7o para indica\u00e7\u00f5es pol\u00edtico-partid\u00e1rias. Melhorias na governan\u00e7a s\u00e3o bem-vindas. Isso, por\u00e9m, n\u00e3o pode ser feito \u00e0 custa do enfraquecimento da empresa e da desvaloriza\u00e7\u00e3o dos empregados. Os banc\u00e1rios da Caixa t\u00eam qualifica\u00e7\u00e3o acima da m\u00e9dia do mercado, o que refor\u00e7a que as mudan\u00e7as n\u00e3o se justificam\u201d, acrescenta Jair Ferreira.<\/p>\n<p>O presidente da Fenae acrescenta: \u201cEssa narrativa privatista \u00e9 a mesma que foi adotada na d\u00e9cada de 1990 e, com muita luta, foi derrotada. O mesmo que fizemos quando surgiu a proposta para transformar a Caixa em uma Sociedade An\u00f4nima. Mais uma vez, temos que combater qualquer plano que signifique retrocesso na atua\u00e7\u00e3o da Caixa e a privatiza\u00e7\u00e3o da gest\u00e3o. E uma das formas \u00e9, antes de decidir o voto nas elei\u00e7\u00f5es deste ano, avaliar o que pensam os candidatos sobre a import\u00e2ncia das empresas e dos servi\u00e7os p\u00fablicos\u201d.<\/p>\n<\/div>\n<p id=\"page-author\"><strong>Fonte: Fenae<\/strong><\/p>\n","protected":false},"excerpt":{"rendered":"<p>Segundo divulgado pela Coluna do Estad\u00e3o, o Conselho de Administra\u00e7\u00e3o (CA) da Caixa Econ\u00f4mica Federal deve votar nesta quinta-feira (13) altera\u00e7\u00e3o do Estatuto para permitir que diretorias da \u00e1rea de controle (Jur\u00eddica, Auditoria e Corregedoria) sejam ocupadas por servidores efetivos federais de setores afins. H\u00e1 quase 30 anos, esses cargos podem ser preenchidos apenas por [&hellip;]<\/p>\n","protected":false},"author":2,"featured_media":5254,"comment_status":"","ping_status":"","sticky":false,"template":"","format":"standard","meta":{"footnotes":""},"categories":[3],"tags":[],"class_list":["post-5255","post","type-post","status-publish","format-standard","has-post-thumbnail","hentry","category-noticias"],"_links":{"self":[{"href":"https:\/\/hostnetart.com.br\/baixada\/wp-json\/wp\/v2\/posts\/5255","targetHints":{"allow":["GET"]}}],"collection":[{"href":"https:\/\/hostnetart.com.br\/baixada\/wp-json\/wp\/v2\/posts"}],"about":[{"href":"https:\/\/hostnetart.com.br\/baixada\/wp-json\/wp\/v2\/types\/post"}],"author":[{"embeddable":true,"href":"https:\/\/hostnetart.com.br\/baixada\/wp-json\/wp\/v2\/users\/2"}],"replies":[{"embeddable":true,"href":"https:\/\/hostnetart.com.br\/baixada\/wp-json\/wp\/v2\/comments?post=5255"}],"version-history":[{"count":0,"href":"https:\/\/hostnetart.com.br\/baixada\/wp-json\/wp\/v2\/posts\/5255\/revisions"}],"wp:featuredmedia":[{"embeddable":true,"href":"https:\/\/hostnetart.com.br\/baixada\/wp-json\/wp\/v2\/media\/5254"}],"wp:attachment":[{"href":"https:\/\/hostnetart.com.br\/baixada\/wp-json\/wp\/v2\/media?parent=5255"}],"wp:term":[{"taxonomy":"category","embeddable":true,"href":"https:\/\/hostnetart.com.br\/baixada\/wp-json\/wp\/v2\/categories?post=5255"},{"taxonomy":"post_tag","embeddable":true,"href":"https:\/\/hostnetart.com.br\/baixada\/wp-json\/wp\/v2\/tags?post=5255"}],"curies":[{"name":"wp","href":"https:\/\/api.w.org\/{rel}","templated":true}]}}