{"id":5251,"date":"2018-09-17T16:41:06","date_gmt":"2018-09-17T19:41:06","guid":{"rendered":"https:\/\/hostnetart.com.br\/baixada\/bndes-segue-fenaban-mas-quer-retirar-conquista-do-vale-transporte\/"},"modified":"2018-09-17T16:41:06","modified_gmt":"2018-09-17T19:41:06","slug":"bndes-segue-fenaban-mas-quer-retirar-conquista-do-vale-transporte","status":"publish","type":"post","link":"https:\/\/hostnetart.com.br\/baixada\/bndes-segue-fenaban-mas-quer-retirar-conquista-do-vale-transporte\/","title":{"rendered":"BNDES segue Fenaban, mas quer retirar conquista do vale-transporte"},"content":{"rendered":"<div class=\"content\">\n<p>O Banco Nacional de Desenvolvimento Econ\u00f4mico e Social (BNDES) apresentou aos trabalhadores, durante a mesa de negocia\u00e7\u00e3o, realizada nesta quinta-feira (13), uma proposta de Acordo Coletivo de Trabalho (ACT), que mant\u00e9m as cl\u00e1usulas econ\u00f4micas, conforme <a href=\"http:\/\/www.contrafcut.org.br\/noticias\/acordos-assinados-cct-e-aumento-real-garantidos-por-dois-anos-para-os-bancarios-3f60\">conquistado pelos banc\u00e1rios na Mesa Fenaban<\/a>, por\u00e9m altera itens que se referem \u00e0 vale-transporte e licen\u00e7a-paternidade, direitos que foram conquistados pelos banc\u00e1rios.<\/p>\n<p><strong>Cl\u00e1usulas econ\u00f4micas<\/strong><\/p>\n<p>As cl\u00e1usulas econ\u00f4micas permanecem de acordo com o que foi conquistado na Mesa Fenaban:<\/p>\n<p>\u2013 reajuste de 5% (cinco por cento) no sal\u00e1rio e benef\u00edcios (aux\u00edlio refei\u00e7\u00e3o, cesta alimenta\u00e7\u00e3o, 13\u00aa cesta alimenta\u00e7\u00e3o e aux\u00edlio educa\u00e7\u00e3o) em 1\u00ba de setembro de 2018 \u2013 o que representa ganho real de 1,31%, mais reposi\u00e7\u00e3o da infla\u00e7\u00e3o acumulada (INPC) de setembro\/2017 a agosto\/2018: 3,64%.<\/p>\n<p>\u2013 ganho real de 1% acima da infla\u00e7\u00e3o em 1\u00ba de setembro de 2019.<\/p>\n<p>\u2013 validade do acordo por dois anos, com garantia de manuten\u00e7\u00e3o de todas as conquistas at\u00e9 2020.<\/p>\n<p><strong>Retirada de cl\u00e1usula do ACT<\/strong><\/p>\n<p>Em mais uma tentativa de retirar os direitos dos trabalhadores, o banco havia sugerido, em sua proposta anterior, a altera\u00e7\u00e3o da cl\u00e1usula \u201cProte\u00e7\u00e3o contra despedida arbitr\u00e1ria ou sem justa causa\u201d e a retirada da cl\u00e1usula de \u201cLicen\u00e7a por inaptid\u00e3o tempor\u00e1ria ao servi\u00e7o\u201d.<\/p>\n<p>Devido \u00e0 <a href=\"http:\/\/www.contrafcut.org.br\/noticias\/sucesso-da-mobilizacao-dos-empregados-obriga-bndes-a-recuar-ae68\">forte mobiliza\u00e7\u00e3o dos trabalhadores\u00a0<\/a>no in\u00edcio desta semana, o banco recuou na sua proposta inicial. Desta forma, as duas cl\u00e1usulas permanecem inalteradas no ACT 2018-2020.<\/p>\n<p><strong>Licen\u00e7a paternidade<\/strong><\/p>\n<p>Mesmo com a discord\u00e2ncia dos banc\u00e1rios, a administra\u00e7\u00e3o do banco insistiu em retirar do ACT a cl\u00e1usula de \u201cLicen\u00e7a paternidade\u201d, argumentando que o benef\u00edcio est\u00e1 previsto na Lei n\u00ba 11.770\/2018, que instituiu o Programa Empresa Cidad\u00e3, nos moldes do que j\u00e1 acontece com a extens\u00e3o da \u201cLicen\u00e7a maternidade\u201d.<\/p>\n<p><strong>Vale-transporte<\/strong><\/p>\n<p>O banco quer alterar a cl\u00e1usula do \u201cVale-transporte\u201d, para que o pagamento de 4% do sal\u00e1rio-base do trabalhador seja para o custeio do vale-transporte. \u00a0Atualmente, o valor \u00e9 custeado integralmente pelo empregador. \u00a0<\/p>\n<p><strong>Integridade funcional<\/strong><\/p>\n<p>Mesmo com forte defesa dos trabalhadores, o BNDES tamb\u00e9m n\u00e3o aceitou o pleito de \u201cIntegridade funcional\u201d. Os representantes do banco alegaram que esta prote\u00e7\u00e3o est\u00e1 garantida na legisla\u00e7\u00e3o vigente, assim como em normativos internos. Os representantes dos banc\u00e1rios insistem que esta garantia, transformada em cl\u00e1usula no ACT, traria prote\u00e7\u00e3o bem maior aos funcion\u00e1rios.<\/p>\n<p><strong>Agenda de reuni\u00f5es <\/strong><\/p>\n<p>Mesmo com as negativas do banco em rela\u00e7\u00e3o \u00e0s reivindica\u00e7\u00f5es dos banc\u00e1rios, foi pactuada uma agenda de reuni\u00f5es para discutir assuntos importantes para o corpo funcional, como: pedido de isonomia entre os segmentos m\u00e9dio e universit\u00e1rio do PECS na mesma proporcionalidade salarial e progress\u00e3o de carreira; regulariza\u00e7\u00e3o da situa\u00e7\u00e3o funcional e previdenci\u00e1ria dos empregados anistiados; e cria\u00e7\u00e3o do Conselho de Usu\u00e1rios do PAS objetivando acompanhar a qualidade do Plano de Assist\u00eancia e Sa\u00fade do BNDES \u2013 no \u00e2mbito da Mesa PAS.<\/p>\n<p>Na pr\u00f3xima semana, a os representantes dos trabalhadores far\u00e3o visitas aos andares do banco para conversar com os funcion\u00e1rios a respeito da proposta e discutir os desdobramentos da negocia\u00e7\u00e3o.<\/p>\n<p>\u00a0<\/p>\n<\/div>\n<p id=\"page-author\"><span style=\"text-decoration: underline;\"><em><strong>Fonte: Contraf-CUT<\/strong><\/em><\/span><\/p>\n","protected":false},"excerpt":{"rendered":"<p>O Banco Nacional de Desenvolvimento Econ\u00f4mico e Social (BNDES) apresentou aos trabalhadores, durante a mesa de negocia\u00e7\u00e3o, realizada nesta quinta-feira (13), uma proposta de Acordo Coletivo de Trabalho (ACT), que mant\u00e9m as cl\u00e1usulas econ\u00f4micas, conforme conquistado pelos banc\u00e1rios na Mesa Fenaban, por\u00e9m altera itens que se referem \u00e0 vale-transporte e licen\u00e7a-paternidade, direitos que foram conquistados [&hellip;]<\/p>\n","protected":false},"author":2,"featured_media":5250,"comment_status":"","ping_status":"","sticky":false,"template":"","format":"standard","meta":{"footnotes":""},"categories":[3],"tags":[],"class_list":["post-5251","post","type-post","status-publish","format-standard","has-post-thumbnail","hentry","category-noticias"],"_links":{"self":[{"href":"https:\/\/hostnetart.com.br\/baixada\/wp-json\/wp\/v2\/posts\/5251","targetHints":{"allow":["GET"]}}],"collection":[{"href":"https:\/\/hostnetart.com.br\/baixada\/wp-json\/wp\/v2\/posts"}],"about":[{"href":"https:\/\/hostnetart.com.br\/baixada\/wp-json\/wp\/v2\/types\/post"}],"author":[{"embeddable":true,"href":"https:\/\/hostnetart.com.br\/baixada\/wp-json\/wp\/v2\/users\/2"}],"replies":[{"embeddable":true,"href":"https:\/\/hostnetart.com.br\/baixada\/wp-json\/wp\/v2\/comments?post=5251"}],"version-history":[{"count":0,"href":"https:\/\/hostnetart.com.br\/baixada\/wp-json\/wp\/v2\/posts\/5251\/revisions"}],"wp:featuredmedia":[{"embeddable":true,"href":"https:\/\/hostnetart.com.br\/baixada\/wp-json\/wp\/v2\/media\/5250"}],"wp:attachment":[{"href":"https:\/\/hostnetart.com.br\/baixada\/wp-json\/wp\/v2\/media?parent=5251"}],"wp:term":[{"taxonomy":"category","embeddable":true,"href":"https:\/\/hostnetart.com.br\/baixada\/wp-json\/wp\/v2\/categories?post=5251"},{"taxonomy":"post_tag","embeddable":true,"href":"https:\/\/hostnetart.com.br\/baixada\/wp-json\/wp\/v2\/tags?post=5251"}],"curies":[{"name":"wp","href":"https:\/\/api.w.org\/{rel}","templated":true}]}}