{"id":5249,"date":"2018-09-17T16:38:18","date_gmt":"2018-09-17T19:38:18","guid":{"rendered":"https:\/\/hostnetart.com.br\/baixada\/assinado-acordo-especifico-do-santander\/"},"modified":"2018-09-17T16:38:18","modified_gmt":"2018-09-17T19:38:18","slug":"assinado-acordo-especifico-do-santander","status":"publish","type":"post","link":"https:\/\/hostnetart.com.br\/baixada\/assinado-acordo-especifico-do-santander\/","title":{"rendered":"Assinado acordo espec\u00edfico do Santander"},"content":{"rendered":"<div class=\"content\">\n<p>A Confedera\u00e7\u00e3o Nacional dos Trabalhadores do Ramo Financeiro (Contraf-CUT), federa\u00e7\u00f5es e sindicatos assinaram nesta sexta-feira (14) o Acordo Coletivo de Trabalho (ACT) espec\u00edfico do banco Santander, aditivo \u00e0 Conven\u00e7\u00e3o Coletiva de Trabalho (CCT) da categoria, que ter\u00e1 validade at\u00e9 2020. Tamb\u00e9m foram assinados o acordo espec\u00edfico do Programa de Participa\u00e7\u00e3o nos Resultados Santander (PPRS) e os termos de compromisso para manuten\u00e7\u00e3o do Banesprev e da Cabesp.<\/p>\n<p>\u201cA assinatura deste aditivo e deste programa mostra a for\u00e7a e a import\u00e2ncia de nossa organiza\u00e7\u00e3o nacional, que ajuda a trazer mais conquistas para os banc\u00e1rios, tanto na mesa conjunta que trata da nossa CCT quanto nas mesas espec\u00edficas por bancos. Nossa uni\u00e3o sempre traz ganhos para a categoria\u201d, ressaltou a presidenta da Contraf-CUT, Juvandia Moreira, que \u00e9 uma das coordenadoras do Comando Nacional dos Banc\u00e1rios.<\/p>\n<p>\u201cEsta assinatura vem coroar o movimento que fizemos nacionalmente. A unidade dos trabalhadores na mesa da Fenaban se refletiu tamb\u00e9m na mesa do Santander e possibilitou que cheg\u00e1ssemos a esse acordo. Todos os sindicatos, junto com os trabalhadores em cada base, pressionaram pela assinatura e garantiram esta importante conquista por dois anos neste momento de incertezas que estamos vivendo\u201d, destacou secret\u00e1rio de Assuntos Socioecon\u00f4micos e representante da Contraf-CUT na Comiss\u00e3o de Organiza\u00e7\u00e3o dos Empregados (COE) do Santander, Mario Raia.<\/p>\n<p>\u00a0\u00a0\u00a0\u00a0 <strong>&gt;<\/strong> <ins><em><a href=\"http:\/\/www.contrafcut.org.br\/noticias\/acordos-assinados-cct-e-aumento-real-garantidos-por-dois-anos-para-os-bancarios-3f60\" target=\"_blank\" rel=\"noopener noreferrer\">Acordo garante aumento real e direitos por dois anos<\/a><\/em><\/ins><\/p>\n<p>O secret\u00e1rio geral da Federa\u00e7\u00e3o dos Banc\u00e1rios do Rio de Janeiro e Esp\u00edrito Santo (Fetraf RJ\/ES), Paulo Roberto Garcez, observou que o Santander \u00e9 o \u00fanico banco privado que tem um acordo aditivo \u00e0 CCT da categoria, que vem sendo renovado h\u00e1 diversos anos. \u201c\u00c9 importante porque ele garante diversos direitos aos funcion\u00e1rios que v\u00e3o al\u00e9m dos que est\u00e3o garantidos pela CCT\u201d.<\/p>\n<p>O acordo aditivo do Santander \u00e9 origin\u00e1rio do extinto Banespa e, mesmo ap\u00f3s a privatiza\u00e7\u00e3o do banco, foi mantido at\u00e9 os dias de hoje gra\u00e7as \u00e0 luta dos trabalhadores. \u201cEle tem cl\u00e1usulas espec\u00edficas para trabalhadores oriundos do Banespa, mas a maioria delas conseguimos transpor para todos os banc\u00e1rios do grupo\u201d, explicou a coordenadora da COE do Santander, Maria Rosani, lembrando que muitas das cl\u00e1usulas do acordo do Santander serviram de refer\u00eancia para a CCT da categoria. \u201cA cl\u00e1usula que define o parcelamento do adiantamento de f\u00e9rias, por exemplo, j\u00e1 fazia parte do aditivo anterior do Santander e agora foi incorporada \u00e0 CCT\u201d, completou Rosani.<\/p>\n<p><strong>Avan\u00e7os<\/strong><br \/> O Encontro Nacional dos banc\u00e1rios do Santander definiu que, neste ano, a prioridade seria a manuten\u00e7\u00e3o dos direitos. \u201cConquistamos esse objetivo e ainda obtivemos alguns avan\u00e7os\u201d, disse M\u00e1rio Raia.<\/p>\n<p>Um dos avan\u00e7os nesta edi\u00e7\u00e3o do acordo foi a inclus\u00e3o de um termo de compromisso no qual o banco se compromete a conversar com o movimento sindical antes de implantar qualquer norma referendada na reforma trabalhista. \u201cO banco implantava altera\u00e7\u00f5es e a gente era pego de surpresa. Com esse acordo vamos ficar sabendo antes. Isso vai nos permitir debater para tentar impedir qualquer preju\u00edzo aos trabalhadores\u201d, explicou Rosani.<\/p>\n<p>\u201cNeste ano conseguimos tirar leite de pedra. E este acordo mostra para os banc\u00e1rios da base que a gente est\u00e1 fazendo o que pode por eles\u201d, ressaltou o diretor da Federa\u00e7\u00e3o dos Trabalhadores do Ramo Financeiro de Minas Gerais (Fetrafi-MG), Davidson Siqueira. \u201c\u00c9 gratificante quando a gente faz um acordo e v\u00ea que a base est\u00e1 com voc\u00ea\u201d, completou.<\/p>\n<p>Tamb\u00e9m vale destacar a chamada cl\u00e1usula de Afastamento e Alta da Previd\u00eancia Social, que trata do adiantamento emergencial ao trabalhador que recebe avalia\u00e7\u00e3o como inapto ao trabalho pelo m\u00e9dico do banco, enquanto aguarda a realiza\u00e7\u00e3o de nova per\u00edcia no INSS. Se o INSS n\u00e3o conceder o benef\u00edcio, o trabalhador n\u00e3o sofrer\u00e1 o desconto deste adiantamento.<\/p>\n<p>\u00a0\u00a0\u00a0\u00a0 <strong>&gt;<\/strong> <ins><em><a href=\"http:\/\/www.contrafcut.org.br\/noticias\/bancarios-do-santander-conquistam-renovacao-da-act-a089\" target=\"_blank\" rel=\"noopener noreferrer\">Acordo garante melhorias em algumas cl\u00e1usulas<\/a><\/em><\/ins><\/p>\n<p>O ACT ainda mant\u00e9m cl\u00e1usulas importantes como as que tratam das Bolsas Aux\u00edlio Estudo para a primeira gradua\u00e7\u00e3o e p\u00f3s-gradua\u00e7\u00e3o, licen\u00e7a n\u00e3o remunerada de at\u00e9 30 dias por ano para acompanhamento de casos de sa\u00fade de parente de primeiro grau, licen\u00e7a ado\u00e7\u00e3o entre outras.<\/p>\n<p><strong>Negocia\u00e7\u00f5es permanentes<\/strong><br \/> Foram mantidos tamb\u00e9m o Comit\u00ea de Rela\u00e7\u00f5es Trabalhistas (CRT) e o F\u00f3rum de Sa\u00fade, reuni\u00f5es permanentes com o banco para discutir os problemas da categoria. Foi compromissado inclusive que a primeira reuni\u00e3o do F\u00f3rum de Sa\u00fade ser\u00e1 ainda em setembro.<\/p>\n<p><strong>PPRS<\/strong><br \/> Os representantes dos trabalhadores conquistaram, a t\u00edtulo de remunera\u00e7\u00e3o vari\u00e1vel, com o acordo do PPRS o aumento do piso a ser pago a todos os trabalhadores indistintamente. O novo valor agora passa a ser de R$ 2.550,00, a ser pago junto com a segunda parcela da PLR. O aumento para esse valor foi tamb\u00e9m uma grande conquista da categoria, pois inicialmente o banco queria apenas aplicar o reajuste oferecido pela Fenaban.<\/p>\n<p><strong>Cabesp e Banesprev<\/strong><br \/> Foram renovados os Termos de Compromisso Cabesp e Banesprev, assinados desde quando o Santander comprou o Banespa, mas cujo o tempo de validade inicialmente era de apenas 60 meses para o Banesprev e 18 meses para a Cabesp.<\/p>\n<\/div>\n<p id=\"page-author\"><span style=\"text-decoration: underline;\"><em><strong>Fonte: Contraf-CUT<\/strong><\/em><\/span><\/p>\n","protected":false},"excerpt":{"rendered":"<p>A Confedera\u00e7\u00e3o Nacional dos Trabalhadores do Ramo Financeiro (Contraf-CUT), federa\u00e7\u00f5es e sindicatos assinaram nesta sexta-feira (14) o Acordo Coletivo de Trabalho (ACT) espec\u00edfico do banco Santander, aditivo \u00e0 Conven\u00e7\u00e3o Coletiva de Trabalho (CCT) da categoria, que ter\u00e1 validade at\u00e9 2020. Tamb\u00e9m foram assinados o acordo espec\u00edfico do Programa de Participa\u00e7\u00e3o nos Resultados Santander (PPRS) e [&hellip;]<\/p>\n","protected":false},"author":2,"featured_media":5248,"comment_status":"","ping_status":"","sticky":false,"template":"","format":"standard","meta":{"footnotes":""},"categories":[3],"tags":[],"class_list":["post-5249","post","type-post","status-publish","format-standard","has-post-thumbnail","hentry","category-noticias"],"_links":{"self":[{"href":"https:\/\/hostnetart.com.br\/baixada\/wp-json\/wp\/v2\/posts\/5249","targetHints":{"allow":["GET"]}}],"collection":[{"href":"https:\/\/hostnetart.com.br\/baixada\/wp-json\/wp\/v2\/posts"}],"about":[{"href":"https:\/\/hostnetart.com.br\/baixada\/wp-json\/wp\/v2\/types\/post"}],"author":[{"embeddable":true,"href":"https:\/\/hostnetart.com.br\/baixada\/wp-json\/wp\/v2\/users\/2"}],"replies":[{"embeddable":true,"href":"https:\/\/hostnetart.com.br\/baixada\/wp-json\/wp\/v2\/comments?post=5249"}],"version-history":[{"count":0,"href":"https:\/\/hostnetart.com.br\/baixada\/wp-json\/wp\/v2\/posts\/5249\/revisions"}],"wp:featuredmedia":[{"embeddable":true,"href":"https:\/\/hostnetart.com.br\/baixada\/wp-json\/wp\/v2\/media\/5248"}],"wp:attachment":[{"href":"https:\/\/hostnetart.com.br\/baixada\/wp-json\/wp\/v2\/media?parent=5249"}],"wp:term":[{"taxonomy":"category","embeddable":true,"href":"https:\/\/hostnetart.com.br\/baixada\/wp-json\/wp\/v2\/categories?post=5249"},{"taxonomy":"post_tag","embeddable":true,"href":"https:\/\/hostnetart.com.br\/baixada\/wp-json\/wp\/v2\/tags?post=5249"}],"curies":[{"name":"wp","href":"https:\/\/api.w.org\/{rel}","templated":true}]}}