{"id":5245,"date":"2018-09-14T17:07:06","date_gmt":"2018-09-14T20:07:06","guid":{"rendered":"https:\/\/hostnetart.com.br\/baixada\/contraf-cut-participa-da-audiencia-publica-sobre-inclusao-de-pessoas-negras-nas-redes-de-televisao\/"},"modified":"2018-09-14T17:07:06","modified_gmt":"2018-09-14T20:07:06","slug":"contraf-cut-participa-da-audiencia-publica-sobre-inclusao-de-pessoas-negras-nas-redes-de-televisao","status":"publish","type":"post","link":"https:\/\/hostnetart.com.br\/baixada\/contraf-cut-participa-da-audiencia-publica-sobre-inclusao-de-pessoas-negras-nas-redes-de-televisao\/","title":{"rendered":"Contraf \u2013CUT participa da audi\u00eancia P\u00fablica sobre inclus\u00e3o de pessoas negras nas redes de televis\u00e3o"},"content":{"rendered":"<div class=\"content\">\n<p>A convite do\u00a0 Minist\u00e9rio P\u00fablico do Trabalho, atrav\u00e9s do Grupo de Trabalho Ra\u00e7a da Coordenadoria Nacional de Promo\u00e7\u00e3o \u00e0 Igualdade e Combate \u00e0 Discrimina\u00e7\u00e3o (Coordigualdade), v\u00e1rios representantes de emissoras de televis\u00e3o, trabalhadores em empresas de televis\u00e3o, t\u00e9cnicos, artistas, jornalistas, cineastas, coletivos, movimentos negros, organiza\u00e7\u00f5es sociais, estiveram presentes na Audi\u00eancia P\u00fablica com o tema &#8220;Inclus\u00e3o de Negros e Negras no Mercado de Trabalho nas Redes de Televis\u00e3o&#8221;, realizada na \u00faltima quinta-feira (13) no audit\u00f3rio do Tribunal Regional do Trabalho da 1\u00aa Regi\u00e3o (TRT-RJ).<\/p>\n<p>A convite da procuradora Luciana Tostes, do MPT no Rio de Janeiro, o secret\u00e1rio de Combate ao Racismo da Confedera\u00e7\u00e3o Nacional dos Trabalhadores do Ramo Financeiro (CONTRAF-CUT) e do Instituto Sindical Interamericano pela Igualdade Racial (INSPIR), Almir Aguiar, participou da Audi\u00eancia P\u00fablica.<\/p>\n<p>O Almir lamentou o epis\u00f3dio ocorrido com a advogada Val\u00e9ria Santos, que foi v\u00edtima de preconceito racial e ao questionar a ju\u00edza leiga Ethel de Vasconcelos, que negou o seu direito legal de ler a contesta\u00e7\u00e3o em defesa de sua cliente, Val\u00e9ria foi colocada ao ch\u00e3o, algemada por um policial, e al\u00e9m de ver o seu direito profissional ser cerceado, sofreu uma situa\u00e7\u00e3o humilhante e vexaminosa, em uma cena que traz de volta a triste imagem de um Brasil escravocrata.<\/p>\n<p>O cineasta Joel Zito apresentou dados estat\u00edsticos das novelas brasileiras, com percentuais mostrando a aus\u00eancia dos atores negros em novelas brasileiras.<\/p>\n<p><strong>Hist\u00f3rico<\/strong><\/p>\n<p>A procuradora Luciana Tostes, do MPT no Rio de Janeiro, explica que o evento \u00e9 um desdobramento das notifica\u00e7\u00f5es enviadas \u00e0s emissoras de televis\u00e3o, em junho deste ano. \u201cO MPT recomendou \u00e0s emissoras de TV aberta que adotassem 14 medidas para assegurar oportunidades iguais de emprego nas emissoras de televis\u00e3o e em campanhas publicit\u00e1rias&#8221;.<\/p>\n<p>As notifica\u00e7\u00f5es tiveram como base uma pesquisa publicada em um site de not\u00edcias que revela uma m\u00e9dia de apenas 8% de atores negros nas novelas da Globo, da Record e do SBT. A primeira a ser notificada foi a Globo, no m\u00eas de maio, \u00e0s v\u00e9speras da estreia de uma telenovela ambientada na Bahia e que, segundo den\u00fancias, n\u00e3o contava com pessoas negras no elenco.<\/p>\n<p>Uma das medidas cobradas das empresas \u00e9 um censo para saber de forma precisa quantos atores negros e negras atuam nas emissoras brasileiras. Almir lembrou aos participantes do evento que a categoria banc\u00e1ria depois de acionar o Minist\u00e9rio P\u00fablico do Trabalho, e de formalizar um Termo de Ajustamento de Conduta no ano de 2008 os bancos foram obrigados a realizar o \u201cCenso da Diversidade\u201d, mas as contrata\u00e7\u00f5es n\u00e3o foram suficientes e os negros continuam invis\u00edveis.\u00a0\u00c9 preciso que o Minist\u00e9rio P\u00fablico do Trabalho fique atento em rela\u00e7\u00e3o a emissoras de televis\u00e3o nesse sentido, afinal, negros e negras s\u00e3o mais de 54% da popula\u00e7\u00e3o brasileira e essas novelas chegam a grande parte dessa popula\u00e7\u00e3o, afirmou o secret\u00e1rio.<\/p>\n<\/div>\n<p id=\"page-author\"><span style=\"text-decoration: underline;\"><em><strong>Fonte: Contraf-CUT<\/strong><\/em><\/span><\/p>\n","protected":false},"excerpt":{"rendered":"<p>A convite do\u00a0 Minist\u00e9rio P\u00fablico do Trabalho, atrav\u00e9s do Grupo de Trabalho Ra\u00e7a da Coordenadoria Nacional de Promo\u00e7\u00e3o \u00e0 Igualdade e Combate \u00e0 Discrimina\u00e7\u00e3o (Coordigualdade), v\u00e1rios representantes de emissoras de televis\u00e3o, trabalhadores em empresas de televis\u00e3o, t\u00e9cnicos, artistas, jornalistas, cineastas, coletivos, movimentos negros, organiza\u00e7\u00f5es sociais, estiveram presentes na Audi\u00eancia P\u00fablica com o tema &#8220;Inclus\u00e3o de [&hellip;]<\/p>\n","protected":false},"author":2,"featured_media":5244,"comment_status":"","ping_status":"","sticky":false,"template":"","format":"standard","meta":{"footnotes":""},"categories":[3],"tags":[],"class_list":["post-5245","post","type-post","status-publish","format-standard","has-post-thumbnail","hentry","category-noticias"],"_links":{"self":[{"href":"https:\/\/hostnetart.com.br\/baixada\/wp-json\/wp\/v2\/posts\/5245","targetHints":{"allow":["GET"]}}],"collection":[{"href":"https:\/\/hostnetart.com.br\/baixada\/wp-json\/wp\/v2\/posts"}],"about":[{"href":"https:\/\/hostnetart.com.br\/baixada\/wp-json\/wp\/v2\/types\/post"}],"author":[{"embeddable":true,"href":"https:\/\/hostnetart.com.br\/baixada\/wp-json\/wp\/v2\/users\/2"}],"replies":[{"embeddable":true,"href":"https:\/\/hostnetart.com.br\/baixada\/wp-json\/wp\/v2\/comments?post=5245"}],"version-history":[{"count":0,"href":"https:\/\/hostnetart.com.br\/baixada\/wp-json\/wp\/v2\/posts\/5245\/revisions"}],"wp:featuredmedia":[{"embeddable":true,"href":"https:\/\/hostnetart.com.br\/baixada\/wp-json\/wp\/v2\/media\/5244"}],"wp:attachment":[{"href":"https:\/\/hostnetart.com.br\/baixada\/wp-json\/wp\/v2\/media?parent=5245"}],"wp:term":[{"taxonomy":"category","embeddable":true,"href":"https:\/\/hostnetart.com.br\/baixada\/wp-json\/wp\/v2\/categories?post=5245"},{"taxonomy":"post_tag","embeddable":true,"href":"https:\/\/hostnetart.com.br\/baixada\/wp-json\/wp\/v2\/tags?post=5245"}],"curies":[{"name":"wp","href":"https:\/\/api.w.org\/{rel}","templated":true}]}}