{"id":5243,"date":"2018-09-14T17:05:19","date_gmt":"2018-09-14T20:05:19","guid":{"rendered":"https:\/\/hostnetart.com.br\/baixada\/a-pedido-da-contraf-cut-bradesco-antecipa-pagamento-da-13-cesta-alimentacao\/"},"modified":"2018-09-14T17:05:19","modified_gmt":"2018-09-14T20:05:19","slug":"a-pedido-da-contraf-cut-bradesco-antecipa-pagamento-da-13-cesta-alimentacao","status":"publish","type":"post","link":"https:\/\/hostnetart.com.br\/baixada\/a-pedido-da-contraf-cut-bradesco-antecipa-pagamento-da-13-cesta-alimentacao\/","title":{"rendered":"A pedido da Contraf-CUT, Bradesco antecipa pagamento da 13\u00ba cesta alimenta\u00e7\u00e3o"},"content":{"rendered":"<div class=\"content\">\n<p>O Bradesco respondeu \u00e0 solicita\u00e7\u00e3o da Confedera\u00e7\u00e3o Nacional dos Trabalhadores do Ramo Financeiro (Contraf-CUT) e informou que ir\u00e1 pagar a 13\u00ba cesta alimenta\u00e7\u00e3o no pr\u00f3ximo dia 26 de setembro. Os valores geralmente s\u00e3o depositados em novembro, mas foram antecipados a pedido da Contraf-CUT.<\/p>\n<p>A Confedera\u00e7\u00e3o tamb\u00e9m solicitou a antecipa\u00e7\u00e3o do pagamento da PLR, que ser\u00e1 efetuado no dia 20 de setembro.<\/p>\n<\/div>\n<p id=\"page-author\"><strong>Fonte: Contraf-CUT<\/strong><\/p>\n","protected":false},"excerpt":{"rendered":"<p>O Bradesco respondeu \u00e0 solicita\u00e7\u00e3o da Confedera\u00e7\u00e3o Nacional dos Trabalhadores do Ramo Financeiro (Contraf-CUT) e informou que ir\u00e1 pagar a 13\u00ba cesta alimenta\u00e7\u00e3o no pr\u00f3ximo dia 26 de setembro. Os valores geralmente s\u00e3o depositados em novembro, mas foram antecipados a pedido da Contraf-CUT. A Confedera\u00e7\u00e3o tamb\u00e9m solicitou a antecipa\u00e7\u00e3o do pagamento da PLR, que ser\u00e1 [&hellip;]<\/p>\n","protected":false},"author":2,"featured_media":5242,"comment_status":"","ping_status":"","sticky":false,"template":"","format":"standard","meta":{"footnotes":""},"categories":[3],"tags":[],"class_list":["post-5243","post","type-post","status-publish","format-standard","has-post-thumbnail","hentry","category-noticias"],"_links":{"self":[{"href":"https:\/\/hostnetart.com.br\/baixada\/wp-json\/wp\/v2\/posts\/5243","targetHints":{"allow":["GET"]}}],"collection":[{"href":"https:\/\/hostnetart.com.br\/baixada\/wp-json\/wp\/v2\/posts"}],"about":[{"href":"https:\/\/hostnetart.com.br\/baixada\/wp-json\/wp\/v2\/types\/post"}],"author":[{"embeddable":true,"href":"https:\/\/hostnetart.com.br\/baixada\/wp-json\/wp\/v2\/users\/2"}],"replies":[{"embeddable":true,"href":"https:\/\/hostnetart.com.br\/baixada\/wp-json\/wp\/v2\/comments?post=5243"}],"version-history":[{"count":0,"href":"https:\/\/hostnetart.com.br\/baixada\/wp-json\/wp\/v2\/posts\/5243\/revisions"}],"wp:featuredmedia":[{"embeddable":true,"href":"https:\/\/hostnetart.com.br\/baixada\/wp-json\/wp\/v2\/media\/5242"}],"wp:attachment":[{"href":"https:\/\/hostnetart.com.br\/baixada\/wp-json\/wp\/v2\/media?parent=5243"}],"wp:term":[{"taxonomy":"category","embeddable":true,"href":"https:\/\/hostnetart.com.br\/baixada\/wp-json\/wp\/v2\/categories?post=5243"},{"taxonomy":"post_tag","embeddable":true,"href":"https:\/\/hostnetart.com.br\/baixada\/wp-json\/wp\/v2\/tags?post=5243"}],"curies":[{"name":"wp","href":"https:\/\/api.w.org\/{rel}","templated":true}]}}