{"id":5241,"date":"2018-09-13T16:44:11","date_gmt":"2018-09-13T19:44:11","guid":{"rendered":"https:\/\/hostnetart.com.br\/baixada\/bndes-se-compromete-a-apresentar-proposta-hoje\/"},"modified":"2018-09-13T16:44:11","modified_gmt":"2018-09-13T19:44:11","slug":"bndes-se-compromete-a-apresentar-proposta-hoje","status":"publish","type":"post","link":"https:\/\/hostnetart.com.br\/baixada\/bndes-se-compromete-a-apresentar-proposta-hoje\/","title":{"rendered":"BNDES se compromete a apresentar proposta hoje"},"content":{"rendered":"<div class=\"content\">\n<p>O Banco Nacional de Desenvolvimento Econ\u00f4mico e Social (BNDES) se comprometeu a apresentar uma proposta global de acordo para a Comiss\u00e3o de Negocia\u00e7\u00e3o dos Empregados do Banco Nacional de Desenvolvimento Econ\u00f4mico e Social (BNDES) em negocia\u00e7\u00e3o marcada para esta quinta-feira (13), \u00e0s 15h, no Rio de Janeiro.<\/p>\n<p>\u201cEsperamos por uma resposta positiva, que atenda \u00e0s reivindica\u00e7\u00f5es dos empregados\u201d, afirmou o vice-presidente da Confedera\u00e7\u00e3o Nacional dos Trabalhadores do Ramo Financeiro (Contraf-CUT), Vin\u00edcius de Assump\u00e7\u00e3o, que participa das negocia\u00e7\u00f5es.<\/p>\n<p>Na rodada realizada na quarta-feira (12), a Comiss\u00e3o de Negocia\u00e7\u00e3o dos Empregados reafirmou que os empregados reivindicam o mesmo reajuste salarial previsto na Conven\u00e7\u00e3o Coletiva de Trabalho (CCT) dos Banc\u00e1rios, al\u00e9m da manuten\u00e7\u00e3o das cl\u00e1usulas do Acordo Coletivo de Trabalho (ACT) atual e inclus\u00e3o de novos itens.<\/p>\n<p>A CCT garante reajuste salarial de 5% (aumento real de 1,31%, mais reposi\u00e7\u00e3o da infla\u00e7\u00e3o acumulada de setembro\/2017 a agosto\/2018 medida pelo INPC). E mant\u00e9m todos os direitos previstos na anterior. Tem validade de dois anos. Ou seja, os direitos ficam garantidos at\u00e9 2020.<\/p>\n<p>Prev\u00ea, ainda, a reposi\u00e7\u00e3o total da infla\u00e7\u00e3o (INPC), mais 1% de aumento real para os sal\u00e1rios e demais verbas em 1\u00ba de setembro de 2019. As negocia\u00e7\u00f5es no BB e na Caixa tamb\u00e9m garantiram a manuten\u00e7\u00e3o de todas as cl\u00e1usulas dos acordos espec\u00edficos, incluindo o Sa\u00fade Caixa e a PLR Social.<\/p>\n<p><strong>Proibi\u00e7\u00e3o \u00e0 demiss\u00e3o imotivada<\/strong><br \/>Na negocia\u00e7\u00e3o realizada na quarta-feira (12), a diretoria do banco voltou atr\u00e1s em sua decis\u00e3o de alterar a cl\u00e1usula do ACT que pro\u00edbe demiss\u00f5es arbitr\u00e1rias ou sem justa causa. O ocorreu ap\u00f3s os\u00a0<ins><strong><a href=\"http:\/\/www.contrafcut.org.br\/noticias\/sucesso-da-mobilizacao-dos-empregados-obriga-bndes-a-recuar-ae68\" target=\"_blank\" rel=\"noopener noreferrer\">empregados terem ocupado<\/a><\/strong><\/ins>\u00a0a sede do BNDES no Rio de Janeiro na ter\u00e7a-feira (11). Al\u00e9m do t\u00e9rreo do Edif\u00edcio Sede do BNDES no Rio de Janeiro (Edserj), parte do s\u00e9timo andar, onde estava ocorrendo a terceira rodada de negocia\u00e7\u00f5es com o banco, tamb\u00e9m foi ocupada.<\/p>\n<p>\u201cO recuo mostrou a import\u00e2ncia da participa\u00e7\u00e3o dos empregados, cuja mobiliza\u00e7\u00e3o vai determinar os rumos da negocia\u00e7\u00e3o\u201d, avaliou o diretor da Secretaria de Bancos P\u00fablicos do Sindicato dos Banc\u00e1rios do Rio de Janeiro, Jos\u00e9 Henrique Rocha, logo ap\u00f3s a rodada de negocia\u00e7\u00f5es realizada na manh\u00e3 de quarta-feira (12). O dirigente acrescentou que este foi um importante avan\u00e7o, mas que ser\u00e1 preciso aumentar a press\u00e3o a fim de preservar os direitos e aprovar cl\u00e1usulas novas.<\/p>\n<p>Como parte desta estrat\u00e9gia, o Sindicato do Rio e as associa\u00e7\u00f5es de funcion\u00e1rios (AFBNDES, Finame e BNDESPAR) convocaram o funcionalismo do banco para uma reuni\u00e3o \u00e0 tarde, no t\u00e9rreo do Edserj. Ali foram dados informes sobre o andamento das rodadas e aprovadas novas formas de mobiliza\u00e7\u00e3o. A pr\u00f3pria reuni\u00e3o no Edserj j\u00e1 foi uma forma de press\u00e3o para que as negocia\u00e7\u00f5es avancem.<\/p>\n<\/div>\n<p id=\"page-author\"><span style=\"text-decoration: underline;\"><strong><em>Fonte: Contraf-CUT, com informa\u00e7\u00f5es do Seeb\/Rio de Janeiro<\/em><\/strong><\/span><\/p>\n","protected":false},"excerpt":{"rendered":"<p>O Banco Nacional de Desenvolvimento Econ\u00f4mico e Social (BNDES) se comprometeu a apresentar uma proposta global de acordo para a Comiss\u00e3o de Negocia\u00e7\u00e3o dos Empregados do Banco Nacional de Desenvolvimento Econ\u00f4mico e Social (BNDES) em negocia\u00e7\u00e3o marcada para esta quinta-feira (13), \u00e0s 15h, no Rio de Janeiro. \u201cEsperamos por uma resposta positiva, que atenda \u00e0s [&hellip;]<\/p>\n","protected":false},"author":2,"featured_media":5240,"comment_status":"","ping_status":"","sticky":false,"template":"","format":"standard","meta":{"footnotes":""},"categories":[3],"tags":[],"class_list":["post-5241","post","type-post","status-publish","format-standard","has-post-thumbnail","hentry","category-noticias"],"_links":{"self":[{"href":"https:\/\/hostnetart.com.br\/baixada\/wp-json\/wp\/v2\/posts\/5241","targetHints":{"allow":["GET"]}}],"collection":[{"href":"https:\/\/hostnetart.com.br\/baixada\/wp-json\/wp\/v2\/posts"}],"about":[{"href":"https:\/\/hostnetart.com.br\/baixada\/wp-json\/wp\/v2\/types\/post"}],"author":[{"embeddable":true,"href":"https:\/\/hostnetart.com.br\/baixada\/wp-json\/wp\/v2\/users\/2"}],"replies":[{"embeddable":true,"href":"https:\/\/hostnetart.com.br\/baixada\/wp-json\/wp\/v2\/comments?post=5241"}],"version-history":[{"count":0,"href":"https:\/\/hostnetart.com.br\/baixada\/wp-json\/wp\/v2\/posts\/5241\/revisions"}],"wp:featuredmedia":[{"embeddable":true,"href":"https:\/\/hostnetart.com.br\/baixada\/wp-json\/wp\/v2\/media\/5240"}],"wp:attachment":[{"href":"https:\/\/hostnetart.com.br\/baixada\/wp-json\/wp\/v2\/media?parent=5241"}],"wp:term":[{"taxonomy":"category","embeddable":true,"href":"https:\/\/hostnetart.com.br\/baixada\/wp-json\/wp\/v2\/categories?post=5241"},{"taxonomy":"post_tag","embeddable":true,"href":"https:\/\/hostnetart.com.br\/baixada\/wp-json\/wp\/v2\/tags?post=5241"}],"curies":[{"name":"wp","href":"https:\/\/api.w.org\/{rel}","templated":true}]}}