{"id":5239,"date":"2018-09-13T16:04:57","date_gmt":"2018-09-13T19:04:57","guid":{"rendered":"https:\/\/hostnetart.com.br\/baixada\/bradesco-mantem-silencio-sobre-onda-de-demissoes-e-desrespeito-a-trabalhadores\/"},"modified":"2018-09-13T16:04:57","modified_gmt":"2018-09-13T19:04:57","slug":"bradesco-mantem-silencio-sobre-onda-de-demissoes-e-desrespeito-a-trabalhadores","status":"publish","type":"post","link":"https:\/\/hostnetart.com.br\/baixada\/bradesco-mantem-silencio-sobre-onda-de-demissoes-e-desrespeito-a-trabalhadores\/","title":{"rendered":"Bradesco mant\u00e9m sil\u00eancio sobre onda de demiss\u00f5es e desrespeito a trabalhadores"},"content":{"rendered":"<div class=\"content\">\n<p>Apesar de in\u00fameros requerimentos e den\u00fancias feitos pelo Sindicato dos Banc\u00e1rios e Trabalhadores do Ramo Financeiro de Rond\u00f4nia (SEEB-RO) e at\u00e9 mesmo mat\u00e9rias jornal\u00edsticas que chegam a conhecimento p\u00fablico, o Bradesco continua mantendo o sil\u00eancio a respeito da onda de demiss\u00f5es promovida nos \u00faltimos meses em Rond\u00f4nia e do desrespeito e descaso com os direitos dos trabalhadores que s\u00e3o sumariamente desligados sem o menor pudor.<\/p>\n<p>Exemplo disso s\u00e3o os casos de duas funcion\u00e1rias demitidas, no mesmo dia, e ambas com mais de 30 anos de dedica\u00e7\u00e3o \u00e0 mesma profiss\u00e3o de banc\u00e1ria. A primeira \u00e9 uma funcion\u00e1ria da ag\u00eancia Prudente de Morais (Centro de Porto Velho) que dedicou 32 anos de sua vida \u00e0 profiss\u00e3o de banc\u00e1ria, foi diagnosticada como \u2018inapta\u2019 pelo perito m\u00e9dico do pr\u00f3prio banco, e mesmo assim foi demitida. O Sindicato, ao constatar que a demiss\u00e3o era ilegal, entrou em contato com o Departamento de Rela\u00e7\u00f5es Sindicais do Bradesco, exigindo que a demiss\u00e3o fosse revogada mas, at\u00e9 o momento, o banco n\u00e3o deu qualquer resposta ao Sindicato ou \u00e0 funcion\u00e1ria, que continua em ang\u00fastia por n\u00e3o saber sua real situa\u00e7\u00e3o ou o seu futuro profissional.<\/p>\n<p>O outro caso \u00e9 o de uma banc\u00e1ria da ag\u00eancia da avenida Carlos Gomes, tamb\u00e9m no Centro, que ao fazer exame peri\u00f3dico, foi diagnosticada pelo m\u00e9dico do banco como \u2018inapta\u2019. E mesmo com o resultado do atestado do perito do pr\u00f3prio Bradesco, e do laudo do ortopedista, o banco se recusa a abrir a CAT (Comunica\u00e7\u00e3o de Acidente de Trabalho), que afronta a lei e impede a trabalhadora de ter acesso aos seus direitos juntos ao INSS.<\/p>\n<p><strong>ONDA DE DEMISS\u00d5ES<\/strong><\/p>\n<p>Nem mesmo com um lucro l\u00edquido de R$ 10,263 bilh\u00f5es, no 1\u00ba semestre de 2018 (o que representa crescimento de 9,7%, em rela\u00e7\u00e3o ao mesmo per\u00edodo de 2017) o Bradesco \u00e9 capaz de recuar na sua \u2018sanha\u2019 de promover demiss\u00f5es a seus funcion\u00e1rios e o fechamento de postos de trabalho. Em Rond\u00f4nia, somente entre julho e agosto, muitos funcion\u00e1rios foram demitidos no Estado, sendo seis somente em ag\u00eancias da capital Porto Velho.<\/p>\n<p>As demiss\u00f5es t\u00eam atingido principalmente quem tem d\u00e9cadas de vida de dedica\u00e7\u00e3o \u00e0 institui\u00e7\u00e3o financeira ou os que s\u00e3o oriundos do extinto banco HSBC.<\/p>\n<p>Em julho o Sindicato se reuniu com representantes do Bradesco em Rond\u00f4nia, a fim de tratar da quest\u00e3o das demiss\u00f5es injustificadas que tem, sobretudo, contribu\u00eddo para que o j\u00e1 prec\u00e1rio atendimento ao p\u00fablico seja ampliado. Mas apesar da justificativa dada pelo banco, de que as demiss\u00f5es eram \u2018pontuais\u2019, elas continuam acontecendo e atingindo a todos os funcion\u00e1rios.<\/p>\n<p>O Sindicato tem mantido uma vigil\u00e2ncia de combate permanente contra essas demiss\u00f5es, muitas delas injustificadas ou ilegais (atinge lesionados, portadores de doen\u00e7as ocupacionais, ou seja, adquiridas com o esfor\u00e7o repetitivo da atividade laboral), e por isso, s\u00f3 nos \u00faltimos quatro anos, conseguiu, via Justi\u00e7a do Trabalho, a reintegra\u00e7\u00e3o de mais de 20 funcion\u00e1rios, sejam do Bradesco, sejam do antigo HSBC, que foi comprado pelo Bradesco.<\/p>\n<p>\u201cAinda assim \u00e9 preocupante essa postura desumana do banco, que al\u00e9m de demitir pessoas que dedicaram a maior parte de suas vidas para trabalhar e garantir os lucros da institui\u00e7\u00e3o financeira &#8211; e que, em decorr\u00eancia de uma rotina de press\u00e3o, de persegui\u00e7\u00e3o e desrespeito, adoeceram &#8211; tamb\u00e9m mant\u00e9m o sil\u00eancio sobre os questionamentos do Sindicato, que exige respostas para dar tranquilidade e impedir um sofrimento maior a esses trabalhadores que sequer sabem se est\u00e3o demitidos de fato, ou n\u00e3o, ou que querem apenas cuidar de sua sa\u00fade, e tamb\u00e9m para impedir novas demiss\u00f5es que apenas colaboram pela superlota\u00e7\u00e3o das ag\u00eancias e a precariedade no atendimento\u201d, menciona Jos\u00e9 Pinheiro, presidente do SEEB-RO e funcion\u00e1rio do Bradesco.<\/p>\n<\/div>\n<p id=\"page-author\"><em><span style=\"text-decoration: underline;\"><strong>Fonte: Seeb RO<\/strong><\/span><\/em><\/p>\n","protected":false},"excerpt":{"rendered":"<p>Apesar de in\u00fameros requerimentos e den\u00fancias feitos pelo Sindicato dos Banc\u00e1rios e Trabalhadores do Ramo Financeiro de Rond\u00f4nia (SEEB-RO) e at\u00e9 mesmo mat\u00e9rias jornal\u00edsticas que chegam a conhecimento p\u00fablico, o Bradesco continua mantendo o sil\u00eancio a respeito da onda de demiss\u00f5es promovida nos \u00faltimos meses em Rond\u00f4nia e do desrespeito e descaso com os direitos [&hellip;]<\/p>\n","protected":false},"author":2,"featured_media":5238,"comment_status":"","ping_status":"","sticky":false,"template":"","format":"standard","meta":{"footnotes":""},"categories":[3],"tags":[],"class_list":["post-5239","post","type-post","status-publish","format-standard","has-post-thumbnail","hentry","category-noticias"],"_links":{"self":[{"href":"https:\/\/hostnetart.com.br\/baixada\/wp-json\/wp\/v2\/posts\/5239","targetHints":{"allow":["GET"]}}],"collection":[{"href":"https:\/\/hostnetart.com.br\/baixada\/wp-json\/wp\/v2\/posts"}],"about":[{"href":"https:\/\/hostnetart.com.br\/baixada\/wp-json\/wp\/v2\/types\/post"}],"author":[{"embeddable":true,"href":"https:\/\/hostnetart.com.br\/baixada\/wp-json\/wp\/v2\/users\/2"}],"replies":[{"embeddable":true,"href":"https:\/\/hostnetart.com.br\/baixada\/wp-json\/wp\/v2\/comments?post=5239"}],"version-history":[{"count":0,"href":"https:\/\/hostnetart.com.br\/baixada\/wp-json\/wp\/v2\/posts\/5239\/revisions"}],"wp:featuredmedia":[{"embeddable":true,"href":"https:\/\/hostnetart.com.br\/baixada\/wp-json\/wp\/v2\/media\/5238"}],"wp:attachment":[{"href":"https:\/\/hostnetart.com.br\/baixada\/wp-json\/wp\/v2\/media?parent=5239"}],"wp:term":[{"taxonomy":"category","embeddable":true,"href":"https:\/\/hostnetart.com.br\/baixada\/wp-json\/wp\/v2\/categories?post=5239"},{"taxonomy":"post_tag","embeddable":true,"href":"https:\/\/hostnetart.com.br\/baixada\/wp-json\/wp\/v2\/tags?post=5239"}],"curies":[{"name":"wp","href":"https:\/\/api.w.org\/{rel}","templated":true}]}}