{"id":5235,"date":"2018-09-13T14:41:58","date_gmt":"2018-09-13T17:41:58","guid":{"rendered":"https:\/\/hostnetart.com.br\/baixada\/acirramento-de-tensoes-sociais-e-ambientais-reflete-aumento-da-fome-no-mundo\/"},"modified":"2018-09-13T14:41:58","modified_gmt":"2018-09-13T17:41:58","slug":"acirramento-de-tensoes-sociais-e-ambientais-reflete-aumento-da-fome-no-mundo","status":"publish","type":"post","link":"https:\/\/hostnetart.com.br\/baixada\/acirramento-de-tensoes-sociais-e-ambientais-reflete-aumento-da-fome-no-mundo\/","title":{"rendered":"Acirramento de tens\u00f5es sociais e ambientais reflete aumento da fome no mundo"},"content":{"rendered":"<p class=\" \">A 12 anos do prazo estabelecido pela Organiza\u00e7\u00e3o das Na\u00e7\u00f5es Unidas (ONU) para a erradica\u00e7\u00e3o da fome no mundo, o n\u00famero de pessoas subnutridas vem crescendo mundialmente. De acordo com relat\u00f3rio<a class=\"external-link\" title=\"\" href=\"https:\/\/news.un.org\/pt\/story\/2018\/09\/1637312\" target=\"_blank\" rel=\"noopener noreferrer\">\u00a0\u201cEstado da Seguran\u00e7a Alimentar e Nutri\u00e7\u00e3o no Mundo em 2018\u201d<\/a>, divulgado nesta ter\u00e7a-feira (11) pela entidade, houve um salto de 804 milh\u00f5es de pessoas nessa situa\u00e7\u00e3o em 2016 para aproximadamente 821 milh\u00f5es no ano passado.<\/p>\n<p class=\" \">O acirramento das tens\u00f5es sociais, sobretudo da\u00a0<a class=\"internal-link\" title=\"\" href=\"https:\/\/www.redebrasilatual.com.br\/cidadania\/2018\/08\/moradores-da-baixada-fluminense-no-rio-denunciam-extrema-pobreza\" target=\"_blank\" rel=\"noopener noreferrer\">desigualdade<\/a>, os desastres ambientais e as mudan\u00e7as clim\u00e1ticas explicam, segundo o professor do Departamento de Geografia da USP e do Programa de P\u00f3s-gradua\u00e7\u00e3o em Ci\u00eancia Ambiental, Wagner Ribeiro, os retrocessos na\u00a0<a class=\"internal-link\" title=\"\" href=\"https:\/\/www.redebrasilatual.com.br\/cidadania\/2018\/07\/povo-do-semiarido-comeca-caravana-de-4-mil-quilometros-contra-a-volta-da-fome\" target=\"_blank\" rel=\"noopener noreferrer\">luta pela erradica\u00e7\u00e3o da fome<\/a>que voltou a registrar n\u00edveis de dez anos atr\u00e1s.<\/p>\n<p class=\" \">E, de acordo com o relat\u00f3rio, os piores cen\u00e1rios do quadro de subnutri\u00e7\u00e3o s\u00e3o registrados em algumas regi\u00f5es da \u00c1frica e da Am\u00e9rica do Sul. No Brasil, o\u00a0<a class=\"internal-link\" title=\"\" href=\"https:\/\/www.redebrasilatual.com.br\/cidadania\/2018\/03\/brasil-pode-voltar-ao-mapa-da-fome-onu-faz-campanha-pela-seguranca-alimentar\" target=\"_blank\" rel=\"noopener noreferrer\">avan\u00e7o da fome<\/a>\u00a0ocorre em conjunto aos desdobramentos e pol\u00edticas postas em curso ap\u00f3s o golpe de 2016 e, al\u00e9m disso, refletem a defasagem hist\u00f3rica do pa\u00eds no que diz respeito \u00e0 reforma agr\u00e1ria.<\/p>\n<p class=\" \">\u201cA partir daquela famosa vota\u00e7\u00e3o da emenda que n\u00e3o permite mais o investimento em algumas \u00e1reas sociais, n\u00f3s temos de fato uma mudan\u00e7a no cen\u00e1rio brasileiro\u201d, critica, fazendo refer\u00eancia \u00e0\u00a0<a class=\"internal-link\" title=\"\" href=\"https:\/\/www.redebrasilatual.com.br\/politica\/2018\/09\/organizacao-recomenda-a-candidatos-medidas-para-combater-a-desigualdade\" target=\"_blank\" rel=\"noopener noreferrer\">Emenda Constitucional do Teto de Gastos (EC) 95\u00a0<\/a>, em entrevista aos jornalistas Marilu Caba\u00f1as e Glauco Faria, da\u00a0<b>R\u00e1dio Brasil Atual<\/b>.<\/p>\n<p class=\" \">\u00a0<\/p>\n<p class=\" \"><span style=\"text-decoration: underline;\"><em><strong>Fonte: Rede Brasil Atual<\/strong><\/em><\/span><\/p>\n","protected":false},"excerpt":{"rendered":"<p>A 12 anos do prazo estabelecido pela Organiza\u00e7\u00e3o das Na\u00e7\u00f5es Unidas (ONU) para a erradica\u00e7\u00e3o da fome no mundo, o n\u00famero de pessoas subnutridas vem crescendo mundialmente. De acordo com relat\u00f3rio\u00a0\u201cEstado da Seguran\u00e7a Alimentar e Nutri\u00e7\u00e3o no Mundo em 2018\u201d, divulgado nesta ter\u00e7a-feira (11) pela entidade, houve um salto de 804 milh\u00f5es de pessoas nessa [&hellip;]<\/p>\n","protected":false},"author":2,"featured_media":5234,"comment_status":"","ping_status":"","sticky":false,"template":"","format":"standard","meta":{"footnotes":""},"categories":[3],"tags":[],"class_list":["post-5235","post","type-post","status-publish","format-standard","has-post-thumbnail","hentry","category-noticias"],"_links":{"self":[{"href":"https:\/\/hostnetart.com.br\/baixada\/wp-json\/wp\/v2\/posts\/5235","targetHints":{"allow":["GET"]}}],"collection":[{"href":"https:\/\/hostnetart.com.br\/baixada\/wp-json\/wp\/v2\/posts"}],"about":[{"href":"https:\/\/hostnetart.com.br\/baixada\/wp-json\/wp\/v2\/types\/post"}],"author":[{"embeddable":true,"href":"https:\/\/hostnetart.com.br\/baixada\/wp-json\/wp\/v2\/users\/2"}],"replies":[{"embeddable":true,"href":"https:\/\/hostnetart.com.br\/baixada\/wp-json\/wp\/v2\/comments?post=5235"}],"version-history":[{"count":0,"href":"https:\/\/hostnetart.com.br\/baixada\/wp-json\/wp\/v2\/posts\/5235\/revisions"}],"wp:featuredmedia":[{"embeddable":true,"href":"https:\/\/hostnetart.com.br\/baixada\/wp-json\/wp\/v2\/media\/5234"}],"wp:attachment":[{"href":"https:\/\/hostnetart.com.br\/baixada\/wp-json\/wp\/v2\/media?parent=5235"}],"wp:term":[{"taxonomy":"category","embeddable":true,"href":"https:\/\/hostnetart.com.br\/baixada\/wp-json\/wp\/v2\/categories?post=5235"},{"taxonomy":"post_tag","embeddable":true,"href":"https:\/\/hostnetart.com.br\/baixada\/wp-json\/wp\/v2\/tags?post=5235"}],"curies":[{"name":"wp","href":"https:\/\/api.w.org\/{rel}","templated":true}]}}