{"id":5231,"date":"2018-09-13T14:30:44","date_gmt":"2018-09-13T17:30:44","guid":{"rendered":"https:\/\/hostnetart.com.br\/baixada\/conquistas-da-campanha-salarial-dos-bancarios-injetarao-r-10-bi-na-economia\/"},"modified":"2018-09-13T14:30:44","modified_gmt":"2018-09-13T17:30:44","slug":"conquistas-da-campanha-salarial-dos-bancarios-injetarao-r-10-bi-na-economia","status":"publish","type":"post","link":"https:\/\/hostnetart.com.br\/baixada\/conquistas-da-campanha-salarial-dos-bancarios-injetarao-r-10-bi-na-economia\/","title":{"rendered":"Conquistas da campanha salarial dos banc\u00e1rios injetar\u00e3o R$ 10 bi na economia"},"content":{"rendered":"<p class=\" \">De acordo com o levantamento feito pela (Confederea\u00e7\u00e3o NAcional dos Trabalhadores do Ramo Financeir (Contraf-CUT), o\u00a0<a class=\"internal-link\" title=\"\" href=\"https:\/\/www.redebrasilatual.com.br\/trabalho\/2018\/08\/bancarios-reajuste-de-5-e-manutencao-de-direitos-se-devem-a-unidade-e-estrategia\" target=\"_blank\" rel=\"noopener noreferrer\">acordo salarial firmado<\/a>\u00a0no final de agosto entre a Federa\u00e7\u00e3o Nacional dos Bancos (Fenaban) e a categoria, que garantiu aos trabalhadores um\u00a0<a class=\"internal-link\" title=\"\" href=\"https:\/\/www.redebrasilatual.com.br\/trabalho\/2018\/08\/bancarios-tem-proposta-de-reajuste-de-5-e-acordo-renovado-por-dois-anos\" target=\"_blank\" rel=\"noopener noreferrer\">reajuste salarial de 5%<\/a>\u00a0\u2013\u00a0reposi\u00e7\u00e3o integral da infla\u00e7\u00e3o e aumento real estimado em 1,18% \u2013 ter\u00e1 um impacto positivo de aproximadamente R$ 10 bilh\u00f5es na economia brasileira at\u00e9 o final deste ano.<\/p>\n<p class=\" \">Os dados da\u00a0<a class=\"internal-link\" title=\"\" href=\"https:\/\/www.redebrasilatual.com.br\/trabalho\/2018\/06\/bancarios-abrem-campanha-nacional-por-direitos-empregos-e-pelo-brasil\" target=\"_blank\" rel=\"noopener noreferrer\">entidade sindical<\/a>\u00a0contrariam os argumentos dos\u00a0<a class=\"external-link\" title=\"\" href=\"http:\/\/spbancarios.com.br\/06\/2018\/mesa-escancara-nocividade-do-sistema-financeiro\" target=\"_blank\" rel=\"noopener noreferrer\">setores patronais<\/a>\u00a0e de parte dos candidatos que disputam as elei\u00e7\u00f5es de 2018 e s\u00e3o cr\u00edticos \u00e0s campanhas salariais que reivindicam aumento real. Segundo a presidenta da Contraf-CUT, Juvandia Moreira, os ganhos s\u00e3o fundamentais para a retomada do crescimento, por garantir o poder de compra dos trabalhadores, o que, por sua vez, movimenta a economia.<\/p>\n<p class=\" \">&#8220;Quanto mais direito o trabalhador tem, quanto melhor o sal\u00e1rio, mais a economia ganha&#8221;, afirma Juvandia \u00e0 rep\u00f3rter Michelle Gomes, do\u00a0<i>Seu Jornal<\/i>, da\u00a0<b>TVT<\/b>. &#8220;Ao contr\u00e1rio do que alguns candidatos est\u00e3o dizendo que para ter emprego n\u00e3o pode ter direitos e, isso \u00e9 um absurdo, na verdade, \u00e9 quando voc\u00ea tem emprego de qualidade com sal\u00e1rio direito \u00e9 que a economia ganha e gera mais empregos ainda&#8221;, explica a presidenta.<\/p>\n<p class=\" \">Desde 2004 os banc\u00e1rios t\u00eam conquistado ganho real e, com o novo acordo, o aumento acumulado at\u00e9 2019, ser\u00e1 de cerca de 23% nos sal\u00e1rios e 44,7% no piso da categoria.<\/p>\n<p class=\" \">\u00a0<\/p>\n<p class=\" \"><strong>Fonte: Rede Brasil Atual<\/strong><\/p>\n","protected":false},"excerpt":{"rendered":"<p>De acordo com o levantamento feito pela (Confederea\u00e7\u00e3o NAcional dos Trabalhadores do Ramo Financeir (Contraf-CUT), o\u00a0acordo salarial firmado\u00a0no final de agosto entre a Federa\u00e7\u00e3o Nacional dos Bancos (Fenaban) e a categoria, que garantiu aos trabalhadores um\u00a0reajuste salarial de 5%\u00a0\u2013\u00a0reposi\u00e7\u00e3o integral da infla\u00e7\u00e3o e aumento real estimado em 1,18% \u2013 ter\u00e1 um impacto positivo de aproximadamente [&hellip;]<\/p>\n","protected":false},"author":2,"featured_media":5230,"comment_status":"","ping_status":"","sticky":false,"template":"","format":"standard","meta":{"footnotes":""},"categories":[3],"tags":[],"class_list":["post-5231","post","type-post","status-publish","format-standard","has-post-thumbnail","hentry","category-noticias"],"_links":{"self":[{"href":"https:\/\/hostnetart.com.br\/baixada\/wp-json\/wp\/v2\/posts\/5231","targetHints":{"allow":["GET"]}}],"collection":[{"href":"https:\/\/hostnetart.com.br\/baixada\/wp-json\/wp\/v2\/posts"}],"about":[{"href":"https:\/\/hostnetart.com.br\/baixada\/wp-json\/wp\/v2\/types\/post"}],"author":[{"embeddable":true,"href":"https:\/\/hostnetart.com.br\/baixada\/wp-json\/wp\/v2\/users\/2"}],"replies":[{"embeddable":true,"href":"https:\/\/hostnetart.com.br\/baixada\/wp-json\/wp\/v2\/comments?post=5231"}],"version-history":[{"count":0,"href":"https:\/\/hostnetart.com.br\/baixada\/wp-json\/wp\/v2\/posts\/5231\/revisions"}],"wp:featuredmedia":[{"embeddable":true,"href":"https:\/\/hostnetart.com.br\/baixada\/wp-json\/wp\/v2\/media\/5230"}],"wp:attachment":[{"href":"https:\/\/hostnetart.com.br\/baixada\/wp-json\/wp\/v2\/media?parent=5231"}],"wp:term":[{"taxonomy":"category","embeddable":true,"href":"https:\/\/hostnetart.com.br\/baixada\/wp-json\/wp\/v2\/categories?post=5231"},{"taxonomy":"post_tag","embeddable":true,"href":"https:\/\/hostnetart.com.br\/baixada\/wp-json\/wp\/v2\/tags?post=5231"}],"curies":[{"name":"wp","href":"https:\/\/api.w.org\/{rel}","templated":true}]}}