{"id":5227,"date":"2018-09-12T13:39:10","date_gmt":"2018-09-12T16:39:10","guid":{"rendered":"https:\/\/hostnetart.com.br\/baixada\/a-terceirizacao-nao-e-para-melhorar-servico-e-para-reduzir-salario-diz-vagner-freitas\/"},"modified":"2018-09-12T13:39:10","modified_gmt":"2018-09-12T16:39:10","slug":"a-terceirizacao-nao-e-para-melhorar-servico-e-para-reduzir-salario-diz-vagner-freitas","status":"publish","type":"post","link":"https:\/\/hostnetart.com.br\/baixada\/a-terceirizacao-nao-e-para-melhorar-servico-e-para-reduzir-salario-diz-vagner-freitas\/","title":{"rendered":"A terceiriza\u00e7\u00e3o n\u00e3o \u00e9 para melhorar servi\u00e7o, \u00e9 para reduzir sal\u00e1rio&#8217;, diz Vagner Freitas"},"content":{"rendered":"<div class=\"content\">\n<p>O\u00a0<strong><em>Entre Vistas<\/em><\/strong>\u00a0desta ter\u00e7a-feira (11) foi &#8220;diferente&#8221;, segundo a pr\u00f3pria defini\u00e7\u00e3o do jornalista e apresentador\u00a0<strong>Juca Kfouri<\/strong>. Isso porque o programa da\u00a0<strong>TVT<\/strong>\u00a0teve como convidado principal o presidente nacional da CUT, Vagner Freitas, mas contou tamb\u00e9m com a participa\u00e7\u00e3o da presidenta do Sindicato dos Banc\u00e1rios de S\u00e3o Paulo, Osasco e Regi\u00e3o, Ivone Silva, e o presidente do Sindicato dos Metal\u00fargicos do ABC, Wagner Santana, o Wagn\u00e3o, formando assim uma trinca de peso do sindicalismo brasileiro.<\/p>\n<p>A terceiriza\u00e7\u00e3o irrestrita,\u00a0<a href=\"https:\/\/www.redebrasilatual.com.br\/trabalho\/2018\/08\/stf-acata-argumentos-patronais-e-libera-terceirizacao-irrestrita\" target=\"_blank\" rel=\"noopener noreferrer\">recentemente considerada legal em julgamento do Supremo Tribunal Federa<\/a>l (STF), foi um dos assuntos mais acalorados do debate. Ponderando que a medida foi uma mudan\u00e7a &#8220;grave&#8221;, Juca Kfouri questionou o presidente nacional da CUT da raz\u00e3o pela qual o trabalhar brasileiro recebeu de modo t\u00e3o pac\u00edfico tal decis\u00e3o.<\/p>\n<p>Vagner Freitas ent\u00e3o lembrou a greve geral realizada em abril de 2017, que mesmo tendo sido expressiva, n\u00e3o surtiu o efeito desejado de impedir a aprova\u00e7\u00e3o da proposta de terceiriza\u00e7\u00e3o irrestrita e a &#8220;reforma&#8221; trabalhista do governo de Michel Temer. Segundo o presidente nacional da CUT, o resultado da paralisa\u00e7\u00e3o n\u00e3o foi suficiente diante de congressistas &#8220;instrumentalizados&#8221; pela Federa\u00e7\u00e3o das Ind\u00fastrias do Estado de S\u00e3o Paulo (Fiesp), a Confedera\u00e7\u00e3o Nacional da Ind\u00fastria (CNI) e a Federa\u00e7\u00e3o Nacional dos Bancos (Fenaban). &#8220;Tudo o que fizemos e n\u00e3o conseguimos barrar (as propostas do governo)&#8221;, afirmou, reconhecendo ter havido dificuldade na mobiliza\u00e7\u00e3o dos trabalhadores.<\/p>\n<p>&#8220;S\u00f3 fizeram isso no golpe. Na democracia teriam medo de fazer&#8221;, afirmou, enfatizando que a consequ\u00eancia da terceiriza\u00e7\u00e3o irrestrita ser\u00e1 a precariza\u00e7\u00e3o do trabalho e a piora do servi\u00e7o oferecido. &#8220;A terceiriza\u00e7\u00e3o n\u00e3o \u00e9 para melhorar o servi\u00e7o, \u00e9 para reduzir sal\u00e1rio apenas. A terceiriza\u00e7\u00e3o \u00e9 ruim para o consumidor do produto final, que perde em qualidade. N\u00e3o consigo imaginar uma sociedade que vai dar certo com m\u00e3o de obra desqualificada e precarizada. A terceiriza\u00e7\u00e3o n\u00e3o vai melhorar as coisas. Ela precariza a m\u00e3o de obra e a qualidade do servi\u00e7o que presta, e isso vai pondo o pa\u00eds no atraso tecnol\u00f3gico&#8221;, explicou Vagner Freitas.<\/p>\n<p>Como exemplo pr\u00e1tico das consequ\u00eancias da terceiriza\u00e7\u00e3o irrestrita, Ivone Silva citou os trabalhadores banc\u00e1rios, como gerentes e operadores de caixa, que a partir de agora podem n\u00e3o ser mais contratados diretamente pelo banco. Acrescente-se nesse cen\u00e1rio o fechamento de ag\u00eancias f\u00edsicas, com os servi\u00e7os migrando cada vez mais para o ambiente digital, e o cliente n\u00e3o saber\u00e1 mais se o trabalhador \u00e9 ou n\u00e3o funcion\u00e1rio do banco.<\/p>\n<p>&#8220;A quest\u00e3o da tecnologia, com o desmonte das leis trabalhistas, vai permitir ter num mesmo banco funcion\u00e1rios de empresas diferentes&#8221;, explicou a presidenta do Sindicato dos Banc\u00e1rios de S\u00e3o Paulo, Osasco e Regi\u00e3o. Com funcion\u00e1rios terceirizados e atendimento on-line, Ivone Silva destacou o perigo com a seguran\u00e7a dos dados sigilosos dos correntistas de um banco. Para ela, a alta rotatividade do trabalhador terceirizado e a aus\u00eancia de um plano de carreira como funcion\u00e1rio direto do banco, coloca em risco a prote\u00e7\u00e3o dos dados banc\u00e1rios de todo cliente.<\/p>\n<p>Presidente do Sindicato dos Metal\u00fargicos do ABC, Wagner Santana ponderou que na ind\u00fastria automobil\u00edstica, a terceiriza\u00e7\u00e3o de profissionais da \u00e1rea de alimenta\u00e7\u00e3o ou seguran\u00e7a j\u00e1 \u00e9 realidade h\u00e1 muito tempo, mas at\u00e9 hoje nunca atingiu o trabalhador que, de fato, monta o ve\u00edculo. &#8220;Agora est\u00e1 liberado para acontecer.&#8221; Entretanto, Wagn\u00e3o salientou que categorias como os banc\u00e1rios e metal\u00fargicos s\u00e3o mais protegidas devido a sua organiza\u00e7\u00e3o. Nesse aspecto, ele acredita que a terceiriza\u00e7\u00e3o irrestrita atingir\u00e1 com mais intensidade as categorias de trabalhadores mais fr\u00e1geis em sua organiza\u00e7\u00e3o.<\/p>\n<h3>Movimento sindical<\/h3>\n<p>Fazendo refer\u00eancia \u00e0 entrevista concedida por Jair Bolsonaro (PSL) no\u00a0<em>Jornal Nacional<\/em>, ocasi\u00e3o em que o candidato \u00e0 Presid\u00eancia da Rep\u00fablica &#8220;acusou&#8221; os entrevistadores de trabalharem como pessoa jur\u00eddica para pagar menos impostos, Juca Kfouri questionou Vagner Freitas se tal pr\u00e1tica \u00e9 uma escolha do trabalhador ou uma imposi\u00e7\u00e3o do empregador.<\/p>\n<p>Para o presidente nacional da CUT, a &#8220;pejotiza\u00e7\u00e3o&#8221; \u00e9 uma medida imposta pelas empresas e em nada beneficia o empregado. &#8220;Os trabalhadores querem ter carteira assinada, com garantias e direitos. N\u00e3o quer ser PJ&#8221;, afirmou.<\/p>\n<p>O apresentador do\u00a0<em>Entre Vistas<\/em>\u00a0tamb\u00e9m questionou os convidados sobre a frequente acusa\u00e7\u00e3o dos sindicatos serem um &#8220;meio de vida&#8221;. \u00a0Segundo o presidente do Sindicato dos Metal\u00fargicos do ABC, poucos sindicatos se sustentam de forma organizada como os banc\u00e1rios e metal\u00fargicos, e explicou que a pr\u00f3pria legisla\u00e7\u00e3o do Brasil permite a exist\u00eancia de sindicatos que representam ningu\u00e9m ou poucos trabalhadores. &#8220;Tem sindicato que o n\u00famero de s\u00f3cio \u00e9 o mesmo da sua diretora&#8221;, afirmou.<\/p>\n<p>Por sua vez, Ivone Silva criticou a legisla\u00e7\u00e3o que determina a exist\u00eancia de sindicatos divididos em categoria e por cidade. Na an\u00e1lise da presidenta do Sindicato dos Banc\u00e1rios de S\u00e3o Paulo, Osasco e Regi\u00e3o, tal medida ocasiona processos de negocia\u00e7\u00f5es diferentes nos estados, assim como data-bases distintas para a mesma profiss\u00e3o. &#8220;Os trabalhadores n\u00e3o podem decidir a forma como se organizam, isso \u00e9 imposto pelo Estado.&#8221;<\/p>\n<p>Por fim, o presidente nacional da CUT disse aguardar o resultado da pr\u00f3xima elei\u00e7\u00e3o para resolver a quest\u00e3o trabalhista no Brasil, o que deve implicar a revoga\u00e7\u00e3o da &#8220;reforma&#8221; trabalhista e do teto de gastos que congelou o or\u00e7amento da Uni\u00e3o por 20 anos. &#8220;Dia 7 de outubro \u00e9 a chance de trazermos o Brasil de volta&#8221;, projetou Vagner Freitas.<\/p>\n<p>Confira a \u00edntegra do Entre Vistas com Vagner Freitas:\u00a0<a class=\"ytp-share-panel-link ytp-no-contextmenu\" href=\"https:\/\/youtu.be\/oJcY9zLmVfc\" target=\"_blank\" rel=\"noopener noreferrer\">https:\/\/youtu.be\/oJcY9zLmVfc<\/a><\/p>\n<p>\u00a0<\/p>\n<\/div>\n<p id=\"page-author\"><strong>Fonte: Contraf-CUT<\/strong><\/p>\n","protected":false},"excerpt":{"rendered":"<p>O\u00a0Entre Vistas\u00a0desta ter\u00e7a-feira (11) foi &#8220;diferente&#8221;, segundo a pr\u00f3pria defini\u00e7\u00e3o do jornalista e apresentador\u00a0Juca Kfouri. Isso porque o programa da\u00a0TVT\u00a0teve como convidado principal o presidente nacional da CUT, Vagner Freitas, mas contou tamb\u00e9m com a participa\u00e7\u00e3o da presidenta do Sindicato dos Banc\u00e1rios de S\u00e3o Paulo, Osasco e Regi\u00e3o, Ivone Silva, e o presidente do Sindicato [&hellip;]<\/p>\n","protected":false},"author":2,"featured_media":5226,"comment_status":"","ping_status":"","sticky":false,"template":"","format":"standard","meta":{"footnotes":""},"categories":[3],"tags":[],"class_list":["post-5227","post","type-post","status-publish","format-standard","has-post-thumbnail","hentry","category-noticias"],"_links":{"self":[{"href":"https:\/\/hostnetart.com.br\/baixada\/wp-json\/wp\/v2\/posts\/5227","targetHints":{"allow":["GET"]}}],"collection":[{"href":"https:\/\/hostnetart.com.br\/baixada\/wp-json\/wp\/v2\/posts"}],"about":[{"href":"https:\/\/hostnetart.com.br\/baixada\/wp-json\/wp\/v2\/types\/post"}],"author":[{"embeddable":true,"href":"https:\/\/hostnetart.com.br\/baixada\/wp-json\/wp\/v2\/users\/2"}],"replies":[{"embeddable":true,"href":"https:\/\/hostnetart.com.br\/baixada\/wp-json\/wp\/v2\/comments?post=5227"}],"version-history":[{"count":0,"href":"https:\/\/hostnetart.com.br\/baixada\/wp-json\/wp\/v2\/posts\/5227\/revisions"}],"wp:featuredmedia":[{"embeddable":true,"href":"https:\/\/hostnetart.com.br\/baixada\/wp-json\/wp\/v2\/media\/5226"}],"wp:attachment":[{"href":"https:\/\/hostnetart.com.br\/baixada\/wp-json\/wp\/v2\/media?parent=5227"}],"wp:term":[{"taxonomy":"category","embeddable":true,"href":"https:\/\/hostnetart.com.br\/baixada\/wp-json\/wp\/v2\/categories?post=5227"},{"taxonomy":"post_tag","embeddable":true,"href":"https:\/\/hostnetart.com.br\/baixada\/wp-json\/wp\/v2\/tags?post=5227"}],"curies":[{"name":"wp","href":"https:\/\/api.w.org\/{rel}","templated":true}]}}