{"id":5225,"date":"2018-09-12T13:38:19","date_gmt":"2018-09-12T16:38:19","guid":{"rendered":"https:\/\/hostnetart.com.br\/baixada\/contraf-cut-disponibiliza-no-site-act-do-banco-do-brasil-assinado\/"},"modified":"2018-09-12T13:38:19","modified_gmt":"2018-09-12T16:38:19","slug":"contraf-cut-disponibiliza-no-site-act-do-banco-do-brasil-assinado","status":"publish","type":"post","link":"https:\/\/hostnetart.com.br\/baixada\/contraf-cut-disponibiliza-no-site-act-do-banco-do-brasil-assinado\/","title":{"rendered":"Contraf-CUT disponibiliza no site ACT do Banco do Brasil assinado"},"content":{"rendered":"<div class=\"content\">\n<p>A Confedera\u00e7\u00e3o Nacional dos Trabalhadores do Ramo Financeiro (Contraf-CUT) disponibilizou no site, nesta ter\u00e7a-feira (11), a c\u00f3pia do Acordo Coletivo de Trabalho (ACT) do Banco do Brasil, do per\u00edodo 2018\/2020, para consulta dos trabalhadores. Os documentos est\u00e3o dispon\u00edveis\u00a0para download, na \u00e1rea Publica\u00e7\u00f5es do site, nas vers\u00f5es alta e baixa.\u00a0<\/p>\n<p>Clique\u00a0<a href=\"http:\/\/www.contrafcut.org.br\/acordos\">aqui<\/a>\u00a0para acessar o arquivo.\u00a0<\/p>\n<p>\u00a0<\/p>\n<\/div>\n<p id=\"page-author\"><strong>Fonte: Contraf-CUT<\/strong><\/p>\n","protected":false},"excerpt":{"rendered":"<p>A Confedera\u00e7\u00e3o Nacional dos Trabalhadores do Ramo Financeiro (Contraf-CUT) disponibilizou no site, nesta ter\u00e7a-feira (11), a c\u00f3pia do Acordo Coletivo de Trabalho (ACT) do Banco do Brasil, do per\u00edodo 2018\/2020, para consulta dos trabalhadores. Os documentos est\u00e3o dispon\u00edveis\u00a0para download, na \u00e1rea Publica\u00e7\u00f5es do site, nas vers\u00f5es alta e baixa.\u00a0 Clique\u00a0aqui\u00a0para acessar o arquivo.\u00a0 \u00a0 Fonte: [&hellip;]<\/p>\n","protected":false},"author":2,"featured_media":5224,"comment_status":"","ping_status":"","sticky":false,"template":"","format":"standard","meta":{"footnotes":""},"categories":[3],"tags":[],"class_list":["post-5225","post","type-post","status-publish","format-standard","has-post-thumbnail","hentry","category-noticias"],"_links":{"self":[{"href":"https:\/\/hostnetart.com.br\/baixada\/wp-json\/wp\/v2\/posts\/5225","targetHints":{"allow":["GET"]}}],"collection":[{"href":"https:\/\/hostnetart.com.br\/baixada\/wp-json\/wp\/v2\/posts"}],"about":[{"href":"https:\/\/hostnetart.com.br\/baixada\/wp-json\/wp\/v2\/types\/post"}],"author":[{"embeddable":true,"href":"https:\/\/hostnetart.com.br\/baixada\/wp-json\/wp\/v2\/users\/2"}],"replies":[{"embeddable":true,"href":"https:\/\/hostnetart.com.br\/baixada\/wp-json\/wp\/v2\/comments?post=5225"}],"version-history":[{"count":0,"href":"https:\/\/hostnetart.com.br\/baixada\/wp-json\/wp\/v2\/posts\/5225\/revisions"}],"wp:featuredmedia":[{"embeddable":true,"href":"https:\/\/hostnetart.com.br\/baixada\/wp-json\/wp\/v2\/media\/5224"}],"wp:attachment":[{"href":"https:\/\/hostnetart.com.br\/baixada\/wp-json\/wp\/v2\/media?parent=5225"}],"wp:term":[{"taxonomy":"category","embeddable":true,"href":"https:\/\/hostnetart.com.br\/baixada\/wp-json\/wp\/v2\/categories?post=5225"},{"taxonomy":"post_tag","embeddable":true,"href":"https:\/\/hostnetart.com.br\/baixada\/wp-json\/wp\/v2\/tags?post=5225"}],"curies":[{"name":"wp","href":"https:\/\/api.w.org\/{rel}","templated":true}]}}