{"id":5223,"date":"2018-09-12T13:37:04","date_gmt":"2018-09-12T16:37:04","guid":{"rendered":"https:\/\/hostnetart.com.br\/baixada\/uni-juventude-brasil-repudia-retirada-de-direitos-na-america-latina\/"},"modified":"2018-09-12T13:37:04","modified_gmt":"2018-09-12T16:37:04","slug":"uni-juventude-brasil-repudia-retirada-de-direitos-na-america-latina","status":"publish","type":"post","link":"https:\/\/hostnetart.com.br\/baixada\/uni-juventude-brasil-repudia-retirada-de-direitos-na-america-latina\/","title":{"rendered":"Uni Juventude Brasil repudia retirada de direitos na Am\u00e9rica Latina"},"content":{"rendered":"<div class=\"content\">\n<p>A altera\u00e7\u00e3o do Estatuto da Juventude do Chile, que sacrifica ainda mais os jovens, foi um dos temas discutidos durante a 7\u00ba Reuni\u00e3o Enlace da Uni Juventude Brasil. A reuni\u00e3o foi realizada no Sindicato dos Banc\u00e1rios de S\u00e3o Paulo, no dia 5, e contou com a participa\u00e7\u00e3o de v\u00e1rias entidades.\u00a0<\/p>\n<p>A banc\u00e1ria e vice-presidenta da Uni Juventude Brasil, Lucimara Malaquias, destaca que essa reuni\u00e3o tem como objetivo criar um f\u00f3rum de discuss\u00e3o permanente e criar uma rede para atualizar as pautas de interesse comum para a juventude trabalhadora. Dentre os assuntos, o que mais preocupa atualmente\u00a0\u00e9 a altera\u00e7\u00e3o do Estatuto da Juventude, votado no dia 12, pelo parlamento chileno.<\/p>\n<p>As mudan\u00e7as, segundo\u00a0Lucimara, eliminam o descanso dominical, a indeniza\u00e7\u00e3o por anos de servi\u00e7o, o\u00a0direito legal de gozar de f\u00e9rias, autoriza\u00a0jornada de trabalho di\u00e1ria de at\u00e9 12 horas, ataca direitos trabalhistas hist\u00f3ricos e dificulta a atividade sindical e de f\u00f3runs existentes de debates.<\/p>\n<p>\u201cEssas altera\u00e7\u00f5es atacam direitos da juventude,\u00a0a parcela da popula\u00e7\u00e3o mais prejudicados diante dessa conjuntura atual. Com essas altera\u00e7\u00f5es, ser\u00e1 permitido inclusive o trabalhador realizar v\u00e1rios turnos de trabalho no mesmo dia, o que poder\u00e1 aumentar os acidentes. N\u00f3s repudiamos e n\u00e3o aceitamos a retirada de direitos.\u201d<\/p>\n<p>A representante ainda relembra que o mesmo que acontece no Chile se assemelha \u00e0s propostas de Mauricio Macri, presidente da Argentina, e \u00e0s medidas que o\u00a0governo ileg\u00edtimo de Temer vem promovendo no Brasil.\u00a0\u201cEsse contexto exige uma mobiliza\u00e7\u00e3o internacional dos trabalhadores, em especial da juventude que tem sido muito atacada com o corte de projetos e com a falta de oportunidades no mercado de trabalho, e quando consegue alcan\u00e7ar alguma vaga, o trabalho \u00e9 informal ou extremamente prec\u00e1rio\u201d, finaliza.<\/p>\n<h3><strong>Solidariedade<\/strong><\/h3>\n<p>A vice-presidenta da Uni Juventude Brasil ainda destaca que diante do que vem acontecendo no Chile, as cinco entidades\u00a0Contraf-CUT, Contratuh, \u00a0Contracs, Siemaco e Federa\u00e7\u00e3o dos Trabalhadores em Sa\u00fade do Estado de S\u00e3o Paulo escreveram e assinaram uma carta, protocolada na embaixada no Brasil\u00a0e endere\u00e7ada ao presidente chileno Sebastian Pi\u00f1era, em solidariedade aos jovens trabalhadores e repudiando as medidas que retiram direitos e afetam a sa\u00fade e o bem-estar das pessoas.<\/p>\n<p>Veja a \u00edntegra das cartas, em anexo, abaixo.<\/p>\n<h3><strong>Outras pautas<\/strong><\/h3>\n<p>Na mesma reuni\u00e3o tamb\u00e9m foram debatidas as resolu\u00e7\u00f5es do Congresso Mundial da Uni Am\u00e9ricas e as estrat\u00e9gias para implementa\u00e7\u00e3o nos sindicatos. A vice-presidenta ainda comenta que a juventude conquistou uma cota de participa\u00e7\u00e3o de 10% nos congressos e reuni\u00f5es da entidade internacional.<\/p>\n<p>\u201cFoi uma conquista hist\u00f3rica, fruto da mobiliza\u00e7\u00e3o da juventude nos sindicatos. Agora o desafio \u00e9 implementar e formar os jovens dirigentes\u201d, enfatiza.<\/p>\n<p>Outro assunto discutido foi a participa\u00e7\u00e3o dos jovens na 2\u00ba Oficina de Forma\u00e7\u00e3o, organizada pela Rede de Jovens que ser\u00e1 realizada no dia 25 de setembro, na sede campestre do Sindicato dos Banc\u00e1rios de Curitiba. \u00a0<\/p>\n<\/div>\n<p id=\"page-author\"><strong>Fonte: Seeb SP<\/strong><\/p>\n","protected":false},"excerpt":{"rendered":"<p>A altera\u00e7\u00e3o do Estatuto da Juventude do Chile, que sacrifica ainda mais os jovens, foi um dos temas discutidos durante a 7\u00ba Reuni\u00e3o Enlace da Uni Juventude Brasil. A reuni\u00e3o foi realizada no Sindicato dos Banc\u00e1rios de S\u00e3o Paulo, no dia 5, e contou com a participa\u00e7\u00e3o de v\u00e1rias entidades.\u00a0 A banc\u00e1ria e vice-presidenta da [&hellip;]<\/p>\n","protected":false},"author":2,"featured_media":5222,"comment_status":"","ping_status":"","sticky":false,"template":"","format":"standard","meta":{"footnotes":""},"categories":[3],"tags":[],"class_list":["post-5223","post","type-post","status-publish","format-standard","has-post-thumbnail","hentry","category-noticias"],"_links":{"self":[{"href":"https:\/\/hostnetart.com.br\/baixada\/wp-json\/wp\/v2\/posts\/5223","targetHints":{"allow":["GET"]}}],"collection":[{"href":"https:\/\/hostnetart.com.br\/baixada\/wp-json\/wp\/v2\/posts"}],"about":[{"href":"https:\/\/hostnetart.com.br\/baixada\/wp-json\/wp\/v2\/types\/post"}],"author":[{"embeddable":true,"href":"https:\/\/hostnetart.com.br\/baixada\/wp-json\/wp\/v2\/users\/2"}],"replies":[{"embeddable":true,"href":"https:\/\/hostnetart.com.br\/baixada\/wp-json\/wp\/v2\/comments?post=5223"}],"version-history":[{"count":0,"href":"https:\/\/hostnetart.com.br\/baixada\/wp-json\/wp\/v2\/posts\/5223\/revisions"}],"wp:featuredmedia":[{"embeddable":true,"href":"https:\/\/hostnetart.com.br\/baixada\/wp-json\/wp\/v2\/media\/5222"}],"wp:attachment":[{"href":"https:\/\/hostnetart.com.br\/baixada\/wp-json\/wp\/v2\/media?parent=5223"}],"wp:term":[{"taxonomy":"category","embeddable":true,"href":"https:\/\/hostnetart.com.br\/baixada\/wp-json\/wp\/v2\/categories?post=5223"},{"taxonomy":"post_tag","embeddable":true,"href":"https:\/\/hostnetart.com.br\/baixada\/wp-json\/wp\/v2\/tags?post=5223"}],"curies":[{"name":"wp","href":"https:\/\/api.w.org\/{rel}","templated":true}]}}