{"id":522,"date":"2014-01-10T00:00:00","date_gmt":"2014-01-10T02:00:00","guid":{"rendered":"https:\/\/hostnetart.com.br\/baixada\/bancarios-do-itau-tem-prazo-ate-dia-17-para-aderir-ao-vale-cultura\/"},"modified":"2014-01-10T00:00:00","modified_gmt":"2014-01-10T02:00:00","slug":"bancarios-do-itau-tem-prazo-ate-dia-17-para-aderir-ao-vale-cultura","status":"publish","type":"post","link":"https:\/\/hostnetart.com.br\/baixada\/bancarios-do-itau-tem-prazo-ate-dia-17-para-aderir-ao-vale-cultura\/","title":{"rendered":"Banc\u00e1rios do Ita\u00fa t\u00eam prazo at\u00e9 dia 17 para aderir ao vale-cultura"},"content":{"rendered":"<p>O Ita\u00fa divulgou orienta\u00e7\u00f5es aos funcion\u00e1rios sobre a ades\u00e3o ao vale-cultura, conquistado na Campanha Nacional dos Banc\u00e1rios 2013 e que entrou em vigor no dia 1\u00ba de janeiro.<\/p>\n<p>\u00a0<br \/>O valor mensal \u00e9 de R$ 50,00 para sal\u00e1rios at\u00e9 cinco sal\u00e1rios m\u00ednimos (R$ 3.620) por m\u00eas e ser\u00e1 repassado atrav\u00e9s de cart\u00e3o magn\u00e9tico. Ao fazer a ades\u00e3o, o funcion\u00e1rio ter\u00e1 os descontos previstos na lei e descritos no formul\u00e1rio apropriado.<\/p>\n<p>\u00a0<br \/>O desconto e o cr\u00e9dito do vale-cultura ser\u00e3o realizados na data de pagamento do sal\u00e1rio, no dia 27 ou no dia \u00fatil anterior de cada m\u00eas.<\/p>\n<p>\u00a0<br \/>O recebimento ainda em janeiro est\u00e1 condicionado \u00e0 ades\u00e3o at\u00e9 o dia de fechamento da folha, o que ocorrer\u00e1 no dia 17. Ap\u00f3s essa data, o pagamento ser\u00e1 feito somente em fevereiro. N\u00e3o h\u00e1 possibilidade de pagamento retroativo.<\/p>\n<p>\u00a0<br \/>Para receber este direito mensalmente \u00e9 imprescind\u00edvel fazer a ades\u00e3o atrav\u00e9s do preenchimento do formul\u00e1rio, que deve ser enviado para:<strong>relacoessindicais@itau-unibanco.com.br<\/strong>\u00a0ou atrav\u00e9s do fax (11) 5029-1174.<\/p>\n<p>\u00a0<br \/>\u201cO vale-cultura foi mais uma importante conquista da Campanha 2013, que registrou a maior mobiliza\u00e7\u00e3o dos \u00faltimos 20 anos e foi fundamental para garantir avan\u00e7os frente \u00e0 intransig\u00eancia dos bancos\u201d, salienta Wanderley Crivellari, um dos coordenadores da Comiss\u00e3o de Organiza\u00e7\u00e3o dos Empregados (COE) do Ita\u00fa, que assessora a Contraf-CUT nas negocia\u00e7\u00f5es com o banco.<\/p>\n<p>\u00a0<br \/>Fonte: Contraf-CUT<\/p>\n","protected":false},"excerpt":{"rendered":"<p>O Ita\u00fa divulgou orienta\u00e7\u00f5es aos funcion\u00e1rios sobre a ades\u00e3o ao vale-cultura, conquistado na Campanha Nacional dos Banc\u00e1rios 2013 e que entrou em vigor no dia 1\u00ba de janeiro. \u00a0O valor mensal \u00e9 de R$ 50,00 para sal\u00e1rios at\u00e9 cinco sal\u00e1rios m\u00ednimos (R$ 3.620) por m\u00eas e ser\u00e1 repassado atrav\u00e9s de cart\u00e3o magn\u00e9tico. Ao fazer a [&hellip;]<\/p>\n","protected":false},"author":1,"featured_media":0,"comment_status":"","ping_status":"","sticky":false,"template":"","format":"standard","meta":{"footnotes":""},"categories":[3],"tags":[],"class_list":["post-522","post","type-post","status-publish","format-standard","hentry","category-noticias"],"_links":{"self":[{"href":"https:\/\/hostnetart.com.br\/baixada\/wp-json\/wp\/v2\/posts\/522","targetHints":{"allow":["GET"]}}],"collection":[{"href":"https:\/\/hostnetart.com.br\/baixada\/wp-json\/wp\/v2\/posts"}],"about":[{"href":"https:\/\/hostnetart.com.br\/baixada\/wp-json\/wp\/v2\/types\/post"}],"author":[{"embeddable":true,"href":"https:\/\/hostnetart.com.br\/baixada\/wp-json\/wp\/v2\/users\/1"}],"replies":[{"embeddable":true,"href":"https:\/\/hostnetart.com.br\/baixada\/wp-json\/wp\/v2\/comments?post=522"}],"version-history":[{"count":0,"href":"https:\/\/hostnetart.com.br\/baixada\/wp-json\/wp\/v2\/posts\/522\/revisions"}],"wp:attachment":[{"href":"https:\/\/hostnetart.com.br\/baixada\/wp-json\/wp\/v2\/media?parent=522"}],"wp:term":[{"taxonomy":"category","embeddable":true,"href":"https:\/\/hostnetart.com.br\/baixada\/wp-json\/wp\/v2\/categories?post=522"},{"taxonomy":"post_tag","embeddable":true,"href":"https:\/\/hostnetart.com.br\/baixada\/wp-json\/wp\/v2\/tags?post=522"}],"curies":[{"name":"wp","href":"https:\/\/api.w.org\/{rel}","templated":true}]}}