{"id":5217,"date":"2018-09-11T20:20:59","date_gmt":"2018-09-11T23:20:59","guid":{"rendered":"https:\/\/hostnetart.com.br\/baixada\/bancarios-manterao-luta-contra-terceirizacao-irrestrita\/"},"modified":"2018-09-11T20:20:59","modified_gmt":"2018-09-11T23:20:59","slug":"bancarios-manterao-luta-contra-terceirizacao-irrestrita","status":"publish","type":"post","link":"https:\/\/hostnetart.com.br\/baixada\/bancarios-manterao-luta-contra-terceirizacao-irrestrita\/","title":{"rendered":"Banc\u00e1rios manter\u00e3o luta contra terceiriza\u00e7\u00e3o irrestrita"},"content":{"rendered":"<div class=\"content\">\n<p>Por mais de duas d\u00e9cadas, a categoria banc\u00e1ria empreendeu uma luta \u00e1rdua e constante contra a terceiriza\u00e7\u00e3o irrestrita. A resist\u00eancia foi rompida com o golpe de 2016. Numa manobra ardilosa, deputados federais desengavetaram um projeto antigo de 1998, de autoria do ent\u00e3o presidente Fernando Henrique Cardoso (PSDB), e aprovaram, em 22 de mar\u00e7o de 2017, a terceiriza\u00e7\u00e3o sem limites. Como o projeto j\u00e1 havia sido aprovado pelo Senado em 2002, seguiu para a san\u00e7\u00e3o do governo golpista de Temer, que assinou a medida (lei 13.429\/2017) nove dias depois. Recentemente, em 30 de agosto deste ano, esse ataque aos trabalhadores foi legitimado pelo Supremo Tribunal Federal: por seis votos a quatro, os ministros de toga do STF aprovaram essa forma de contrata\u00e7\u00e3o prec\u00e1ria em todos os setores de uma empresa, inclusive nas p\u00fablicas.<\/p>\n<p>Mesmo nesse cen\u00e1rio de ataques, os banc\u00e1rios acabam de assinar um acordo que garante os direitos previstos na CCT por dois anos. Agora, organizados em seus sindicatos, far\u00e3o frente \u00e0 terceiriza\u00e7\u00e3o e a outras formas de contrata\u00e7\u00f5es prec\u00e1rias previstas na lei trabalhista de Temer e seus aliados.<\/p>\n<p>Terceirizados ganham at\u00e9 70% menos que os contratados diretos, t\u00eam jornadas de trabalho maiores e n\u00e3o est\u00e3o resguardados por sindicatos fortes. Os terceirizados do setor financeiro, por exemplo, n\u00e3o usufruem dos direitos previstos na CCT da categoria, como PLR e jornada de seis horas.<\/p>\n<p>Em 7 de outubro, ap\u00f3s dois anos de golpe (al\u00e9m da terceiriza\u00e7\u00e3o, Temer e sua base aliada no Congresso aprovaram a reforma trabalhista e a PEC do teto, que congelou investimentos em sa\u00fade e educa\u00e7\u00e3o), a popula\u00e7\u00e3o ir\u00e1 novamente \u00e0s urnas. Mas \u00e9 fundamental que banc\u00e1rios e banc\u00e1rias n\u00e3o votem em candidatos de partidos que os prejudicaram, aprovando a terceiriza\u00e7\u00e3o. Clique <a href=\"http:\/\/admin.contrafcut.com.br\/system\/uploads\/ck\/files\/Deputados%20Terceiriza%C3%A7%C3%A3o.pdf\">aqui <\/a>e veja a lista dos deputados que votaram a favor da terceiriza\u00e7\u00e3o e que s\u00e3o candidatos.<\/p>\n<p>Abaixo veja o quadro que mostra como votaram os partidos.<\/p>\n<p><img decoding=\"async\" src=\"http:\/\/spbancarios.com.br\/sites\/default\/files\/images\/tabela-corrigida.png\" \/><\/p>\n<\/div>\n<p id=\"page-author\"><strong>Fonte: Contraf-CUT, com Seeb SP<\/strong><\/p>\n","protected":false},"excerpt":{"rendered":"<p>Por mais de duas d\u00e9cadas, a categoria banc\u00e1ria empreendeu uma luta \u00e1rdua e constante contra a terceiriza\u00e7\u00e3o irrestrita. A resist\u00eancia foi rompida com o golpe de 2016. Numa manobra ardilosa, deputados federais desengavetaram um projeto antigo de 1998, de autoria do ent\u00e3o presidente Fernando Henrique Cardoso (PSDB), e aprovaram, em 22 de mar\u00e7o de 2017, [&hellip;]<\/p>\n","protected":false},"author":2,"featured_media":5216,"comment_status":"","ping_status":"","sticky":false,"template":"","format":"standard","meta":{"footnotes":""},"categories":[3],"tags":[],"class_list":["post-5217","post","type-post","status-publish","format-standard","has-post-thumbnail","hentry","category-noticias"],"_links":{"self":[{"href":"https:\/\/hostnetart.com.br\/baixada\/wp-json\/wp\/v2\/posts\/5217","targetHints":{"allow":["GET"]}}],"collection":[{"href":"https:\/\/hostnetart.com.br\/baixada\/wp-json\/wp\/v2\/posts"}],"about":[{"href":"https:\/\/hostnetart.com.br\/baixada\/wp-json\/wp\/v2\/types\/post"}],"author":[{"embeddable":true,"href":"https:\/\/hostnetart.com.br\/baixada\/wp-json\/wp\/v2\/users\/2"}],"replies":[{"embeddable":true,"href":"https:\/\/hostnetart.com.br\/baixada\/wp-json\/wp\/v2\/comments?post=5217"}],"version-history":[{"count":0,"href":"https:\/\/hostnetart.com.br\/baixada\/wp-json\/wp\/v2\/posts\/5217\/revisions"}],"wp:featuredmedia":[{"embeddable":true,"href":"https:\/\/hostnetart.com.br\/baixada\/wp-json\/wp\/v2\/media\/5216"}],"wp:attachment":[{"href":"https:\/\/hostnetart.com.br\/baixada\/wp-json\/wp\/v2\/media?parent=5217"}],"wp:term":[{"taxonomy":"category","embeddable":true,"href":"https:\/\/hostnetart.com.br\/baixada\/wp-json\/wp\/v2\/categories?post=5217"},{"taxonomy":"post_tag","embeddable":true,"href":"https:\/\/hostnetart.com.br\/baixada\/wp-json\/wp\/v2\/tags?post=5217"}],"curies":[{"name":"wp","href":"https:\/\/api.w.org\/{rel}","templated":true}]}}