{"id":5215,"date":"2018-09-11T20:20:14","date_gmt":"2018-09-11T23:20:14","guid":{"rendered":"https:\/\/hostnetart.com.br\/baixada\/aumento-real-dos-bancarios-e-de-1-31\/"},"modified":"2018-09-11T20:20:14","modified_gmt":"2018-09-11T23:20:14","slug":"aumento-real-dos-bancarios-e-de-1-31","status":"publish","type":"post","link":"https:\/\/hostnetart.com.br\/baixada\/aumento-real-dos-bancarios-e-de-1-31\/","title":{"rendered":"Aumento real dos banc\u00e1rios \u00e9 de 1,31%"},"content":{"rendered":"<div class=\"content\">\n<p>O aumento real dos banc\u00e1rios \u00e9 de 1,31%. Isso porque, com a divulga\u00e7\u00e3o da infla\u00e7\u00e3o oficial do m\u00eas de agosto (em 0%), o \u00edndice para o per\u00edodo entre 31 de agosto de 2017 e 1\u00ba de setembro de 2018 (data base da categoria) que projetado para 3,78%, ap\u00f3s o encerramento do m\u00eas de agosto ficou efetivamente em 3,64%.<a class=\"has-subtitle img\" style=\"float: right; height: 222px; width: 400px;\" title=\"\" href=\"http:\/\/admin.contrafcut.com.br\/system\/uploads\/ck\/images\/TabelaInfla%C3%A7%C3%A3o.jpg\" data-lightbox=\"lightbox\" data-title=\"\"><img decoding=\"async\" style=\"float: right; height: 222px; width: 400px;\" src=\"http:\/\/www.contrafcut.org.br\/images\/_64ff95a6a52103f63958c49b13c1450a.jpg\" alt=\"\" \/><\/a><\/p>\n<p>O reajuste salarial final da categoria n\u00e3o muda: ser\u00e1 de 5% para sal\u00e1rios e todas as demais verbas, como vales alimenta\u00e7\u00e3o e refei\u00e7\u00e3o, 13\u00aa cesta, aux\u00edlio creche\/baba, parte fixa da PLR.<\/p>\n<p>Al\u00e9m do aumento real para este ano e para 2019, os banc\u00e1rios conquistaram, na Campanha Nacional Unificada 2018, a garantia de todos os direitos previstos pela Conven\u00e7\u00e3o Coletiva de Trabalho por dois anos. Os empregados da Caixa Econ\u00f4mica Federal mantiveram, ainda, o Sa\u00fade Caixa, sem aumento do custeio, e a PLR Social.<\/p>\n<p>O aumento real previsto inicialmente (de 1,18%) j\u00e1 era maior do que a m\u00e9dia dos reajustes acima da infla\u00e7\u00e3o conquistados por outras categorias entre janeiro a julho. Segundo levantamento do Dieese, que levou em considera\u00e7\u00e3o 4.659 acordos fechados no per\u00edodo, 78,4%% tiveram ganhos acima da infla\u00e7\u00e3o, e a m\u00e9dia de aumento real foi de 0,97%. Com o INPC dos \u00faltimos doze meses, o reajuste acima da infla\u00e7\u00e3o conquistado pela categoria banc\u00e1ria ficou ainda mais distante da m\u00e9dia: 0,34 ponto percentual.<\/p>\n<p><strong>Entenda o INPC\/IBGE<\/strong><br \/> Segundo o levantamento do IBGE, o\u00a0grupo <em>Alimenta\u00e7\u00e3o e bebidas<\/em>, que tem peso importante na composi\u00e7\u00e3o do \u00edndice, apresentou queda de 0,44% no m\u00eas, impactando para baixo o \u00edndice de infla\u00e7\u00e3o. O mesmo ocorreu com o item <em>Transportes. <\/em>Por outro lado, os demais apresentaram alta de pre\u00e7os em agosto: <em>Habita\u00e7\u00e3o <\/em>(+0,43%), <em>Artigos de resid\u00eancia <\/em>(+0,55%),<em> Vestu\u00e1rio<\/em> (+0,12%),<em> Sa\u00fade e cuidados pessoais <\/em>(+0,49%),<em> Despesas pessoais <\/em>(+0,46%), <em>Educa\u00e7\u00e3o <\/em>(+0,33%), <em>Comunica\u00e7\u00e3o <\/em>(+0,03%).<\/p>\n<p>O \u00edndice calculado pelo IBGE \u00e9 uma m\u00e9dia da infla\u00e7\u00e3o em todas as regi\u00f5es do pa\u00eds. Quando se analisa a varia\u00e7\u00e3o dos pre\u00e7os por regi\u00e3o metropolitana, tem-se que as quedas mais expressivas foram na Regi\u00e3o Metropolitana de S\u00e3o Lu\u00eds (-0,45%) e Bras\u00edlia (-0,40%). As regi\u00f5es metropolitanas de Rio Branco, Goi\u00e2nia, Vit\u00f3ria, S\u00e3o Paulo, Aracaju, Belo Horizonte e Porto Alegre apresentaram alta da infla\u00e7\u00e3o em agosto.<\/p>\n<\/div>\n<p id=\"page-author\"><span style=\"text-decoration: underline;\"><em><strong>Fonte: Contraf-CUT<\/strong><\/em><\/span><\/p>\n","protected":false},"excerpt":{"rendered":"<p>O aumento real dos banc\u00e1rios \u00e9 de 1,31%. Isso porque, com a divulga\u00e7\u00e3o da infla\u00e7\u00e3o oficial do m\u00eas de agosto (em 0%), o \u00edndice para o per\u00edodo entre 31 de agosto de 2017 e 1\u00ba de setembro de 2018 (data base da categoria) que projetado para 3,78%, ap\u00f3s o encerramento do m\u00eas de agosto ficou [&hellip;]<\/p>\n","protected":false},"author":2,"featured_media":5214,"comment_status":"","ping_status":"","sticky":false,"template":"","format":"standard","meta":{"footnotes":""},"categories":[3],"tags":[],"class_list":["post-5215","post","type-post","status-publish","format-standard","has-post-thumbnail","hentry","category-noticias"],"_links":{"self":[{"href":"https:\/\/hostnetart.com.br\/baixada\/wp-json\/wp\/v2\/posts\/5215","targetHints":{"allow":["GET"]}}],"collection":[{"href":"https:\/\/hostnetart.com.br\/baixada\/wp-json\/wp\/v2\/posts"}],"about":[{"href":"https:\/\/hostnetart.com.br\/baixada\/wp-json\/wp\/v2\/types\/post"}],"author":[{"embeddable":true,"href":"https:\/\/hostnetart.com.br\/baixada\/wp-json\/wp\/v2\/users\/2"}],"replies":[{"embeddable":true,"href":"https:\/\/hostnetart.com.br\/baixada\/wp-json\/wp\/v2\/comments?post=5215"}],"version-history":[{"count":0,"href":"https:\/\/hostnetart.com.br\/baixada\/wp-json\/wp\/v2\/posts\/5215\/revisions"}],"wp:featuredmedia":[{"embeddable":true,"href":"https:\/\/hostnetart.com.br\/baixada\/wp-json\/wp\/v2\/media\/5214"}],"wp:attachment":[{"href":"https:\/\/hostnetart.com.br\/baixada\/wp-json\/wp\/v2\/media?parent=5215"}],"wp:term":[{"taxonomy":"category","embeddable":true,"href":"https:\/\/hostnetart.com.br\/baixada\/wp-json\/wp\/v2\/categories?post=5215"},{"taxonomy":"post_tag","embeddable":true,"href":"https:\/\/hostnetart.com.br\/baixada\/wp-json\/wp\/v2\/tags?post=5215"}],"curies":[{"name":"wp","href":"https:\/\/api.w.org\/{rel}","templated":true}]}}