{"id":521,"date":"2014-01-10T00:00:00","date_gmt":"2014-01-10T02:00:00","guid":{"rendered":"https:\/\/hostnetart.com.br\/baixada\/caixa-volta-a-atacar-com-ci-293-para-punir-empregados-com-cargos-tecnicos\/"},"modified":"2014-01-10T00:00:00","modified_gmt":"2014-01-10T02:00:00","slug":"caixa-volta-a-atacar-com-ci-293-para-punir-empregados-com-cargos-tecnicos","status":"publish","type":"post","link":"https:\/\/hostnetart.com.br\/baixada\/caixa-volta-a-atacar-com-ci-293-para-punir-empregados-com-cargos-tecnicos\/","title":{"rendered":"Caixa volta a atacar com CI 293 para punir empregados com cargos t\u00e9cnicos"},"content":{"rendered":"<p>Em 30 de dezembro do ano passado, de maneira sorrateira e no per\u00edodo das festas de fim de ano, a Caixa Econ\u00f4mica Federal voltou a aplicar arbitrariamente a CI Supes\/Geret 293 (2006) para reduzir jornada e sal\u00e1rios de empregados da carreira t\u00e9cnica que possuam reclama\u00e7\u00e3o trabalhista. A principal mudan\u00e7a \u00e9 na jornada de trabalho de oito para seis horas, com redu\u00e7\u00e3o salarial.<\/p>\n<p>\u00a0<br \/>A medida atinge cerca de 250 empregados de cargos t\u00e9cnicos com jornada de oito horas. A reedi\u00e7\u00e3o da normativa \u00e9 contestada por Jair Pedro Ferreira, coordenador da Comiss\u00e3o Executiva dos Empregados (CEE\/Caixa), que assessora a Contraf-CUT nas negocia\u00e7\u00f5es com o banco. \u201cTrata-se de uma repres\u00e1lia \u00e0queles trabalhadores que buscaram garantir seus direitos na Justi\u00e7a\u201d, aponta.<\/p>\n<p>\u00a0<br \/>Jair, que \u00e9 tamb\u00e9m vice-presidente da Fenae, esclarece que a CI determina exclusivamente a altera\u00e7\u00e3o compuls\u00f3ria da jornada de trabalho e da gratifica\u00e7\u00e3o dos empregados com cargos em comiss\u00e3o t\u00e9cnica ou de assessoramento de oito horas, que ajuizaram a\u00e7\u00e3o \u2013 individual ou conjunta por meio de entidades sindicais -, questionando a jornada al\u00e9m da sexta hora di\u00e1ria.<\/p>\n<p>\u00a0<br \/>A medida da Caixa \u00e9 classificada de inaceit\u00e1vel pelo representante nacional dos trabalhadores. Isto porque, entre outros motivos, o banco utilizou a quest\u00e3o judicial como \u00e1libi para colocar os empregados contra as entidades sindicais e associativas.<\/p>\n<p>\u00a0<br \/>Diante disso, o movimento nacional dos empregados ir\u00e1 exigir da dire\u00e7\u00e3o da empresa a imediata revoga\u00e7\u00e3o da normativa, mas de antem\u00e3o, conforme recentes contatos mantidos pela CEE\/Caixa, o banco informou que n\u00e3o pretende revog\u00e1-la, por ser uma decis\u00e3o de seu Conselho Diretor.<\/p>\n<p>\u00a0<br \/>Jair diz que apoia a iniciativa da Apcef\/SP de participar de audi\u00eancia nesta sexta-feira (10), \u00e0s 14h, no Minist\u00e9rio P\u00fablico do Trabalho (MPT) de S\u00e3o Paulo, com a finalidade de expor e denunciar o autoritarismo da Caixa de punir empregados da carreira t\u00e9cnica com jornada de oito horas.<\/p>\n<p>\u00a0<br \/>Fonte: Contraf-CUT com Fenae<\/p>\n","protected":false},"excerpt":{"rendered":"<p>Em 30 de dezembro do ano passado, de maneira sorrateira e no per\u00edodo das festas de fim de ano, a Caixa Econ\u00f4mica Federal voltou a aplicar arbitrariamente a CI Supes\/Geret 293 (2006) para reduzir jornada e sal\u00e1rios de empregados da carreira t\u00e9cnica que possuam reclama\u00e7\u00e3o trabalhista. A principal mudan\u00e7a \u00e9 na jornada de trabalho de [&hellip;]<\/p>\n","protected":false},"author":1,"featured_media":0,"comment_status":"","ping_status":"","sticky":false,"template":"","format":"standard","meta":{"footnotes":""},"categories":[3],"tags":[],"class_list":["post-521","post","type-post","status-publish","format-standard","hentry","category-noticias"],"_links":{"self":[{"href":"https:\/\/hostnetart.com.br\/baixada\/wp-json\/wp\/v2\/posts\/521","targetHints":{"allow":["GET"]}}],"collection":[{"href":"https:\/\/hostnetart.com.br\/baixada\/wp-json\/wp\/v2\/posts"}],"about":[{"href":"https:\/\/hostnetart.com.br\/baixada\/wp-json\/wp\/v2\/types\/post"}],"author":[{"embeddable":true,"href":"https:\/\/hostnetart.com.br\/baixada\/wp-json\/wp\/v2\/users\/1"}],"replies":[{"embeddable":true,"href":"https:\/\/hostnetart.com.br\/baixada\/wp-json\/wp\/v2\/comments?post=521"}],"version-history":[{"count":0,"href":"https:\/\/hostnetart.com.br\/baixada\/wp-json\/wp\/v2\/posts\/521\/revisions"}],"wp:attachment":[{"href":"https:\/\/hostnetart.com.br\/baixada\/wp-json\/wp\/v2\/media?parent=521"}],"wp:term":[{"taxonomy":"category","embeddable":true,"href":"https:\/\/hostnetart.com.br\/baixada\/wp-json\/wp\/v2\/categories?post=521"},{"taxonomy":"post_tag","embeddable":true,"href":"https:\/\/hostnetart.com.br\/baixada\/wp-json\/wp\/v2\/tags?post=521"}],"curies":[{"name":"wp","href":"https:\/\/api.w.org\/{rel}","templated":true}]}}