{"id":5209,"date":"2018-09-04T18:19:57","date_gmt":"2018-09-04T21:19:57","guid":{"rendered":"https:\/\/hostnetart.com.br\/baixada\/geracao-de-emprego-sera-um-dos-maiores-desafios-do-proximo-presidente\/"},"modified":"2018-09-04T18:19:57","modified_gmt":"2018-09-04T21:19:57","slug":"geracao-de-emprego-sera-um-dos-maiores-desafios-do-proximo-presidente","status":"publish","type":"post","link":"https:\/\/hostnetart.com.br\/baixada\/geracao-de-emprego-sera-um-dos-maiores-desafios-do-proximo-presidente\/","title":{"rendered":"Gera\u00e7\u00e3o de emprego ser\u00e1 um dos maiores desafios do pr\u00f3ximo presidente"},"content":{"rendered":"<div class=\"content\">\n<p>O desemprego \u00e9 um dos principais desafios do pr\u00f3ximo Presidente da Rep\u00fablica, depois do verdadeiro &#8220;exterm\u00ednio&#8221; de vagas promovido pelo ileg\u00edtimo Michel Temer (MDB-SP), que aprovou &#8220;reforma&#8221; Trabalhista argumentando que a mudan\u00e7a da Lei modernizaria as rela\u00e7\u00f5es de trabalho e contribuiria para criar milhares de emprego.<\/p>\n<p>A lei de Temer acabou com mais de 100 itens da CLT e, como diz o presidente da CUT, Vagner Freitas,\u00a0<strong><a href=\"https:\/\/www.cut.org.br\/noticias\/com-temer-pais-tem-mais-empregos-precarios-e-mal-remunerados-bc2e\">legalizou bicos<\/a>\u00a0<\/strong>ao liberar contratos de trabalho intermitentes e parciais. Hoje, trabalhadores e trabalhadoras podem receber at\u00e9\u00a0<a href=\"https:\/\/www.cut.org.br\/noticias\/temer-legaliza-o-bico-e-trabalhador-passa-a-receber-menos-que-um-salario-minimo-7311\"><strong>menos de um sal\u00e1rio m\u00ednimo por m\u00eas,\u00a0<\/strong><\/a>como confirmou em sua base Paloma Santos, presidenta do Sindicato dos Trabalhadores de Asseio e Conserv\u00e7a\u00e3o de Cubat\u00e3o, Praia Grande, S\u00e3o Vicente, Santos, Guaruj\u00e1 e Bertioga (Sindlimpeza).<\/p>\n<p>O desembargador do Tribunal Regional do Trabalho da 15\u00aa Regi\u00e3o (TRT-15), Jos\u00e9 Luiz Souto Maior, confirma: a lei trabalhista n\u00e3o gerou empregos, mas\u00a0<strong><a href=\"https:\/\/www.cut.org.br\/noticias\/reforma-trabalhista-conduz-ao-caos-social-diz-desembargador-do-trt-15-aef8\">aumentou significativamente o poder dos empregadores e deixou os trabalhadores e suas organiza\u00e7\u00f5es sindicais mais vulner\u00e1veis<\/a><\/strong>, o que prejudica a luta por direitos.\u00a0\u00a0<\/p>\n<p>Os dados do Cadastro Geral de Empregados e Desempregados (Caged), do Minist\u00e9rio do Trabalho e da Pesquisa Nacional por Amostra de Domic\u00edlios (Pnad) Cont\u00ednua, do IBGE, mostram o tamanho do exterm\u00ednio dos empregos na era p\u00f3s golpe.<\/p>\n<p>De 2015 at\u00e9 agora, foram perdidos 2.228.848 vagas formais, sendo 654 mil na ind\u00fastria de transforma\u00e7\u00e3o e 461 mil no setor de servi\u00e7os. Em julho de 2015, havia no Caged um estoque de 40,4 milh\u00f5es de empregados com carteira assinada. O total em julho deste ano \u00e9 de 38,2 milh\u00f5es.<\/p>\n<p>J\u00e1 a Pnad Cont\u00ednua mostra entre o trimestre encerrado em julho de 2015, ainda no governo Dilma, e igual per\u00edodo deste ano, a taxa nacional de desemprego aumentou de 8,6% para 12,3% e atingia, em julho deste ano, 12,9 milh\u00f5es de trabalhadores e trabalhadoras.<\/p>\n<p>\u00a0Ainda nesse per\u00edodo, o pa\u00eds viu encolher o mercado formal. Os empregados com carteira no setor privado ca\u00edram de 35,7 milh\u00f5es, em julho de 2015, para \u00a033 milh\u00f5es este ano. Os sem carteira aumentaram de 10,1 milh\u00f5es para 11,1 milh\u00f5es, enquanto os trabalhadores por conta pr\u00f3pria foram de 22,1 milh\u00f5es para 23,1 milh\u00f5es. Assim, 2,7 milh\u00f5es de empregos formais a menos, acr\u00e9scimo de 2 milh\u00f5es de informais.<\/p>\n<p>No governo Temer, as medidas inclu\u00edram uma lei de &#8220;reforma&#8221; trabalhista (13.467) e outra liberando a terceiriza\u00e7\u00e3o (13.429),\u00a0<a href=\"https:\/\/www.cut.org.br\/noticias\/do-lado-dos-patroes-ministros-do-supremo-aprovam-terceirizacao-irrestrita-7957\"><strong>agora chancelada pelo Supremo Tribunal Federal (STF),<\/strong><\/a>\u00a0sempre em nome da flexibiliza\u00e7\u00e3o. At\u00e9 agora, essas mudan\u00e7as legais ajudaram apenas a expandir o emprego informal.<\/p>\n<p><strong>ARTE RBA<a href=\"https:\/\/admin.cut.org.br\/system\/uploads\/ck\/mercado%20de%20trabalho.png\" target=\"_blank\" rel=\"noopener noreferrer\"><img decoding=\"async\" src=\"https:\/\/www.cut.org.br\/images\/cache\/systemuploadsckmercado20de20trabal-750x374xfit-46f7e.png\" alt=\"Arte RBA\" \/><\/a><\/strong><strong>Como os candidatos tratam o tema desemprego<\/strong><\/p>\n<p>O combate ao desemprego est\u00e1 presente nos discursos dos candidatos \u00e0 Presid\u00eancia da Rep\u00fablica e nos programas de governo, na maior parte do casos, de maneira gen\u00e9rica. Entre eles, Lula (PT), Ciro Gomes (PDT) e Guilherme Boulos (Psol), que falam em referendo para revogar as &#8220;reformas&#8221;. J\u00e1 Geraldo Alckmin (PSDB) e Jair Bolsonaro (PSL) defendem a reforma.<\/p>\n<p><strong>Confira o que dizem alguns deles sobre o tema emprego:<\/strong><\/p>\n<p><strong>Lula (PT)<\/strong><\/p>\n<p>Prop\u00f5e, para os primeiros meses de mandato, um &#8220;plano emergencial de emprego&#8221;, com prioridade para a juventude. Entre as principais a\u00e7\u00f5es, retomada de obras inacabadas pelo pa\u00eds, &#8220;selecionadas por import\u00e2ncia estrat\u00e9gica regional, bem como as pequenas iniciativas no plano municipal&#8221;, retomada dos investimentos da Petrobras e do programa Minha Casa Minha Vida. Destaca os milh\u00f5es de empregos com carteira criados em seus mandatos.<\/p>\n<p>O plano de governo tamb\u00e9m fala em refor\u00e7ar investimentos no Bolsa Fam\u00edlia, &#8220;incluindo aqueles que voltaram \u00e0 pobreza com o golpe&#8221;, e cria\u00e7\u00e3o de linhas de cr\u00e9dito &#8220;com juros e prazo acess\u00edveis&#8221;. Prop\u00f5e um modelo de desenvolvimento com distribui\u00e7\u00e3o de renda e fortalecimento do mercado interno.<\/p>\n<p><strong>Geraldo Alckmin (PSDB)<\/strong><\/p>\n<p>Sempre no plural majest\u00e1tico, fala em priorizar &#8220;pol\u00edticas que permitam \u00e0s regi\u00f5es Norte e Nordeste desenvolver plenamente as suas potencialidades em \u00e1reas como energias renov\u00e1veis, turismo, ind\u00fastria, agricultura e economia criativa&#8221;. Diz ainda: &#8220;Abriremos a economia e faremos com que o com\u00e9rcio exterior represente 50% do PIB. isso \u00e9 vital para retomarmos a agenda de competitividade do pa\u00eds&#8221;. Tamb\u00e9m defende prioridade a investimentos em infraestrutura, em parceria com o setor privado.<\/p>\n<p>Al\u00e9m disso, &#8220;usaremos a nossa diplomacia para firmar acordos comerciais que nos ajudem a expandir os mercados brasileiros no exterior e a reinserir o pa\u00eds na economia global&#8221;. O programa fala ainda em promover o desenvolvimento da ind\u00fastria 4.0 e fomentar o empreendedorismo.<\/p>\n<p><strong>Jair Bolsonaro (PSL)<\/strong><\/p>\n<p>Afirma que as economias de mercado &#8220;s\u00e3o historicamente o maior instrumento de gera\u00e7\u00e3o de renda, emprego, prosperidade e inclus\u00e3o social&#8221;. E que \u00e9 &#8220;gra\u00e7as ao liberalismo&#8221; que bilh\u00f5es de pessoas &#8220;est\u00e3o sendo salvas da mis\u00e9ria em todo o mundo&#8221;. Apesar de tudo isso, o Brasil &#8220;NUNCA (destaque do programa) adotou em sua Hist\u00f3ria Republicana os princ\u00edpios liberais&#8221;. \u00c9 o liberalismo que &#8220;reduz a infla\u00e7\u00e3o, baixa os juros, eleva a confian\u00e7a e os investimentos, gera crescimento, emprego e oportunidades&#8221;. O candidato diz que quer criar &#8220;um ambiente favor\u00e1vel ao empreendedorismo&#8221;, afastando o &#8220;populismo&#8221;.<\/p>\n<p><strong>Ciro Gomes (PDT)<\/strong><\/p>\n<p>Fala em estrat\u00e9gia planejada, &#8220;um plano nacional&#8221; que estabele\u00e7a prioridades sociais e econ\u00f4micas&#8221;, com metas de curto, m\u00e9dio e longo prazos &#8220;que permitam ao Brasil alcan\u00e7ar, em termos de renda e desenvolvimento humano, o mesmo n\u00edvel de alguns pa\u00edses europeus ou asi\u00e1ticos que j\u00e1 deixaram para tr\u00e1s problemas como desemprego, mis\u00e9ria e pobreza e oferecem oportunidades e um bom n\u00edvel de vida para todos os seus habitantes&#8221;.<\/p>\n<p>\u00c9 preciso &#8220;um plano, um caminho estabelecido entre a sociedade e o governo, entre os trabalhadores, o setor privado e o setor p\u00fablico, que defina claramente pol\u00edticas de desenvolvimento&#8221; com foco na expans\u00e3o da competitividade. Fala tamb\u00e9m de mudan\u00e7a na carga tribut\u00e1ria para reduzir peso sobre cria\u00e7\u00e3o de empregos e pol\u00edticas de inova\u00e7\u00e3o e est\u00edmulo ao investimento.<\/p>\n<\/div>\n<p id=\"page-author\"><span style=\"text-decoration: underline;\"><em><strong>Fonte: CUT<\/strong><\/em><\/span><\/p>\n","protected":false},"excerpt":{"rendered":"<p>O desemprego \u00e9 um dos principais desafios do pr\u00f3ximo Presidente da Rep\u00fablica, depois do verdadeiro &#8220;exterm\u00ednio&#8221; de vagas promovido pelo ileg\u00edtimo Michel Temer (MDB-SP), que aprovou &#8220;reforma&#8221; Trabalhista argumentando que a mudan\u00e7a da Lei modernizaria as rela\u00e7\u00f5es de trabalho e contribuiria para criar milhares de emprego. A lei de Temer acabou com mais de 100 [&hellip;]<\/p>\n","protected":false},"author":2,"featured_media":5208,"comment_status":"","ping_status":"","sticky":false,"template":"","format":"standard","meta":{"footnotes":""},"categories":[3],"tags":[],"class_list":["post-5209","post","type-post","status-publish","format-standard","has-post-thumbnail","hentry","category-noticias"],"_links":{"self":[{"href":"https:\/\/hostnetart.com.br\/baixada\/wp-json\/wp\/v2\/posts\/5209","targetHints":{"allow":["GET"]}}],"collection":[{"href":"https:\/\/hostnetart.com.br\/baixada\/wp-json\/wp\/v2\/posts"}],"about":[{"href":"https:\/\/hostnetart.com.br\/baixada\/wp-json\/wp\/v2\/types\/post"}],"author":[{"embeddable":true,"href":"https:\/\/hostnetart.com.br\/baixada\/wp-json\/wp\/v2\/users\/2"}],"replies":[{"embeddable":true,"href":"https:\/\/hostnetart.com.br\/baixada\/wp-json\/wp\/v2\/comments?post=5209"}],"version-history":[{"count":0,"href":"https:\/\/hostnetart.com.br\/baixada\/wp-json\/wp\/v2\/posts\/5209\/revisions"}],"wp:featuredmedia":[{"embeddable":true,"href":"https:\/\/hostnetart.com.br\/baixada\/wp-json\/wp\/v2\/media\/5208"}],"wp:attachment":[{"href":"https:\/\/hostnetart.com.br\/baixada\/wp-json\/wp\/v2\/media?parent=5209"}],"wp:term":[{"taxonomy":"category","embeddable":true,"href":"https:\/\/hostnetart.com.br\/baixada\/wp-json\/wp\/v2\/categories?post=5209"},{"taxonomy":"post_tag","embeddable":true,"href":"https:\/\/hostnetart.com.br\/baixada\/wp-json\/wp\/v2\/tags?post=5209"}],"curies":[{"name":"wp","href":"https:\/\/api.w.org\/{rel}","templated":true}]}}