{"id":5205,"date":"2018-09-04T16:34:47","date_gmt":"2018-09-04T19:34:47","guid":{"rendered":"https:\/\/hostnetart.com.br\/baixada\/o-desafio-do-emprego-depois-do-exterminio-de-vagas-por-temer\/"},"modified":"2018-09-04T16:34:47","modified_gmt":"2018-09-04T19:34:47","slug":"o-desafio-do-emprego-depois-do-exterminio-de-vagas-por-temer","status":"publish","type":"post","link":"https:\/\/hostnetart.com.br\/baixada\/o-desafio-do-emprego-depois-do-exterminio-de-vagas-por-temer\/","title":{"rendered":"O desafio do emprego, depois do exterm\u00ednio de vagas por Temer"},"content":{"rendered":"<p>Pouco ou menos presente nas planilhas do mercado em rela\u00e7\u00e3o aos cen\u00e1rios da economia, o desemprego se apresenta como um dos principais desafios para os pr\u00f3ximos anos, depois de um verdadeiro &#8220;exterm\u00ednio&#8221; de vagas na era Temer, quando se aprovou uma &#8220;reforma&#8221; trabalhista a pretexto, justamente, de abrir vagas. Seja qual for a fonte, o resultado \u00e9 uma elimina\u00e7\u00e3o de postos de trabalho em grande quantidade.<\/p>\n<p>Pelo Cadastro Geral de Empregados e Desempregados (Caged), do Minist\u00e9rio do Trabalho, por exemplo, havia um estoque de 40,4 milh\u00f5es de empregados com carteira assinada no pa\u00eds em julho de 2015. \u00c9 verdade que j\u00e1 era um pouco menos do que um ano antes (41,3 milh\u00f5es). Mas o total em julho deste ano \u00e9 de 38,2 milh\u00f5es. Assim, de 2015 at\u00e9 agora, foram perdidos 2.228.848 vagas formais, sendo 654 mil na ind\u00fastria de transforma\u00e7\u00e3o e 461 mil no servi\u00e7os.<\/p>\n<p>Os dados da Pesquisa Nacional por Amostra de Domic\u00edlios (Pnad) Cont\u00ednua, do IBGE, tamb\u00e9m mostram regress\u00e3o no mercado de trabalho. No trimestre encerrado em julho de 2015, ainda no governo Dilma, a taxa nacional de desemprego era de 8,6%. Em igual per\u00edodo deste ano, 12,3%.<\/p>\n<p>Sempre nessa base de compara\u00e7\u00e3o, o total de ocupados caiu de 92,2 milh\u00f5es para 91,7 milh\u00f5es \u2013 menos 500 mil. E o contingente de desempregados sobe de 8,6 milh\u00f5es para 12,9 milh\u00f5es. S\u00e3o 3,3 milh\u00f5es a mais.<\/p>\n<p>Ainda nesse per\u00edodo, o pa\u00eds viu encolher o mercado formal. Os empregados com carteira no setor privado eram 35,7 milh\u00f5es em julho de 2015. Agora, s\u00e3o 33 milh\u00f5es. Os sem carteira aumentaram de 10,1 milh\u00f5es para 11,1 milh\u00f5es, enquanto os trabalhadores por conta pr\u00f3pria foram de 22,1 milh\u00f5es para 23,1 milh\u00f5es. Assim, 2,7 milh\u00f5es de empregos formais a menos, acr\u00e9scimo de 2 milh\u00f5es de informais.<\/p>\n<p>No governo Temer, as medidas inclu\u00edram uma lei de &#8220;reforma&#8221; trabalhista (13.467) e outra liberando a terceiriza\u00e7\u00e3o (13.429),\u00a0<a class=\"internal-link\" title=\"\" href=\"https:\/\/www.redebrasilatual.com.br\/trabalho\/2018\/08\/stf-acata-argumentos-patronais-e-libera-terceirizacao-irrestrita\" target=\"_blank\" rel=\"noopener noreferrer\">agora chancelada pelo Supremo Tribunal Federal,\u00a0<\/a>sempre em nome da flexibiliza\u00e7\u00e3o.\u00a0<a class=\"internal-link\" title=\"\" href=\"https:\/\/www.redebrasilatual.com.br\/economia\/2018\/08\/emprego-sem-carteira-e-autonomo-garantem-recuperacao-do-mercado\" target=\"_blank\" rel=\"noopener noreferrer\">At\u00e9 agora, essas mudan\u00e7as legais ajudaram apenas a expandir o emprego informal<\/a>.<\/p>\n<p><img decoding=\"async\" class=\"image-inline captioned lazyloaded\" title=\"desempregobrasil.jpg\" src=\"https:\/\/www.redebrasilatual.com.br\/economia\/2018\/09\/o-desafio-do-emprego-depois-do-exterminio-de-vagas-de-temer\/desempregobrasil.jpg\" alt=\"desempregobrasil.jpg\" data-src=\"https:\/\/www.redebrasilatual.com.br\/economia\/2018\/09\/o-desafio-do-emprego-depois-do-exterminio-de-vagas-de-temer\/desempregobrasil.jpg\" \/><\/p>\n<hr \/>\n<p>\u00a0<\/p>\n<p>O combate ao desemprego est\u00e1 presente nos discursos dos candidatos \u00e0 Presid\u00eancia da Rep\u00fablica e nos programas de governo, na maior parte do casos de maneira gen\u00e9rica. Entre eles, Luiz In\u00e1cio Lula da Silva (PT), Ciro Gomes (PDT) e Guilherme Boulos (Psol) falam em referendo para revogar as &#8220;reformas&#8221;, por sua vez defendidas por nomes como Geraldo Alckmin (PSDB) e Jair Bolsonaro (PSL).\u00a0Confira o que dizem alguns deles sobre o tema emprego.<\/p>\n<p><strong>Lula (PT)<\/strong><\/p>\n<p>Prop\u00f5e, para os primeiros meses de mandato, um &#8220;plano emergencial de emprego&#8221;, com prioridade para a juventude. Entre as principais a\u00e7\u00f5es, retomada de obras inacabadas pelo pa\u00eds, &#8220;selecionadas por import\u00e2ncia estrat\u00e9gica regional, bem como as pequenas iniciativas no plano municipal&#8221;, retomada dos investimentos da Petrobras e do programa Minha Casa Minha Vida. Destaca os milh\u00f5es de empregos com carteira criados em seus mandatos.<\/p>\n<p>O plano de governo tamb\u00e9m fala em refor\u00e7ar investimentos no Bolsa Fam\u00edlia, &#8220;incluindo aqueles que voltaram \u00e0 pobreza com o golpe&#8221;, e cria\u00e7\u00e3o de linhas de cr\u00e9dito &#8220;com juros e prazo acess\u00edveis&#8221;. Prop\u00f5e um modelo de desenvolvimento com distribui\u00e7\u00e3o de renda e fortalecimento do mercado interno.\u00a0<\/p>\n<p><strong>Geraldo\u00a0Alckmin (PSDB)<\/strong><\/p>\n<p>Sempre no plural majest\u00e1tico, fala em priorizar &#8220;pol\u00edticas que permitam \u00e0s regi\u00f5es Norte e Nordeste desenvolver\u00a0plenamente as suas potencialidades em \u00e1reas como energias renov\u00e1veis, turismo,\u00a0industria, agricultura e economia criativa&#8221;. Diz ainda: &#8220;Abriremos a economia e faremos com que o com\u00e9rcio exterior represente\u00a050% do PIB. isso \u00e9 vital para retomarmos a agenda de competitividade do pais&#8221;. Tamb\u00e9m defende prioridade a investimentos em infraestrutura, em parceria com o setor privado.<\/p>\n<p>Al\u00e9m disso, &#8220;usaremos a nossa diplomacia para firmar acordos comerciais que nos ajudem a\u00a0expandir os mercados brasileiros no exterior e a reinserir o pa\u00eds na economia global&#8221;. O programa fala ainda em promover o desenvolvimento da ind\u00fastria 4.0 e fomentar o empreendedorismo.\u00a0<\/p>\n<p><strong>Jair\u00a0Bolsonaro (PSL)<\/strong><\/p>\n<p>Afirma que as\u00a0economias de mercado &#8220;s\u00e3o historicamente o maior instrumento de gera\u00e7\u00e3o de renda, emprego, prosperidade e inclus\u00e3o social&#8221;. E que \u00e9 &#8220;gra\u00e7as ao liberalismo&#8221; que bilh\u00f5es de pessoas &#8220;est\u00e3o sendo salvas da mis\u00e9ria em todo o mundo&#8221;. Apesar de tudo isso, o Brasil &#8220;NUNCA (destaque do programa) adotou em sua Hist\u00f3ria Republicana os princ\u00edpios liberais&#8221;. \u00c9 o liberalismo que &#8220;reduz a infla\u00e7\u00e3o, baixa os juros, eleva a confian\u00e7a e os investimentos, gera crescimento, emprego e oportunidades&#8221;. O candidato diz que quer criar &#8220;um ambiente favor\u00e1vel ao empreendedorismo&#8221;, afastando o &#8220;populismo&#8221;.<\/p>\n<p><strong>Ciro Gomes (PDT)<\/strong><\/p>\n<p>Fala em estrat\u00e9gia planejada, &#8220;um plano nacional&#8221; que estabele\u00e7a prioridades sociais e econ\u00f4micas&#8221;, com metas de curto, m\u00e9dio e longo prazos &#8220;que permitam ao Brasil alcan\u00e7ar, em termos de renda e desenvolvimento humano, o mesmo n\u00edvel de alguns pa\u00edses europeus ou asi\u00e1ticos que j\u00e1 deixaram para tr\u00e1s problemas como desemprego, mis\u00e9ria e pobreza e oferecem oportunidades e um bom n\u00edvel de vida para todos os seus habitantes&#8221;.<\/p>\n<p>\u00c9 preciso &#8220;um plano, um caminho estabelecido entre a sociedade e o governo, entre os trabalhadores, o setor privado e o setor p\u00fablico, que defina claramente pol\u00edticas de desenvolvimento&#8221; com foco na expans\u00e3o da competitividade. Fala tamb\u00e9m de mudan\u00e7a na carga tribut\u00e1ria para reduzir peso sobre cria\u00e7\u00e3o de empregos e pol\u00edticas de inova\u00e7\u00e3o e est\u00edmulo ao investimento.<\/p>\n<p>\u00a0<\/p>\n<p><span style=\"text-decoration: underline;\"><em><strong>Fonte: Rede Brasil Atual<\/strong><\/em><\/span><\/p>\n","protected":false},"excerpt":{"rendered":"<p>Pouco ou menos presente nas planilhas do mercado em rela\u00e7\u00e3o aos cen\u00e1rios da economia, o desemprego se apresenta como um dos principais desafios para os pr\u00f3ximos anos, depois de um verdadeiro &#8220;exterm\u00ednio&#8221; de vagas na era Temer, quando se aprovou uma &#8220;reforma&#8221; trabalhista a pretexto, justamente, de abrir vagas. Seja qual for a fonte, o [&hellip;]<\/p>\n","protected":false},"author":2,"featured_media":5204,"comment_status":"","ping_status":"","sticky":false,"template":"","format":"standard","meta":{"footnotes":""},"categories":[3],"tags":[],"class_list":["post-5205","post","type-post","status-publish","format-standard","has-post-thumbnail","hentry","category-noticias"],"_links":{"self":[{"href":"https:\/\/hostnetart.com.br\/baixada\/wp-json\/wp\/v2\/posts\/5205","targetHints":{"allow":["GET"]}}],"collection":[{"href":"https:\/\/hostnetart.com.br\/baixada\/wp-json\/wp\/v2\/posts"}],"about":[{"href":"https:\/\/hostnetart.com.br\/baixada\/wp-json\/wp\/v2\/types\/post"}],"author":[{"embeddable":true,"href":"https:\/\/hostnetart.com.br\/baixada\/wp-json\/wp\/v2\/users\/2"}],"replies":[{"embeddable":true,"href":"https:\/\/hostnetart.com.br\/baixada\/wp-json\/wp\/v2\/comments?post=5205"}],"version-history":[{"count":0,"href":"https:\/\/hostnetart.com.br\/baixada\/wp-json\/wp\/v2\/posts\/5205\/revisions"}],"wp:featuredmedia":[{"embeddable":true,"href":"https:\/\/hostnetart.com.br\/baixada\/wp-json\/wp\/v2\/media\/5204"}],"wp:attachment":[{"href":"https:\/\/hostnetart.com.br\/baixada\/wp-json\/wp\/v2\/media?parent=5205"}],"wp:term":[{"taxonomy":"category","embeddable":true,"href":"https:\/\/hostnetart.com.br\/baixada\/wp-json\/wp\/v2\/categories?post=5205"},{"taxonomy":"post_tag","embeddable":true,"href":"https:\/\/hostnetart.com.br\/baixada\/wp-json\/wp\/v2\/tags?post=5205"}],"curies":[{"name":"wp","href":"https:\/\/api.w.org\/{rel}","templated":true}]}}