{"id":5201,"date":"2018-09-04T13:02:11","date_gmt":"2018-09-04T16:02:11","guid":{"rendered":"https:\/\/hostnetart.com.br\/baixada\/terceirizacao-irrestrita-deve-atingir-servico-publico-alertam-especialistas\/"},"modified":"2018-09-04T13:02:11","modified_gmt":"2018-09-04T16:02:11","slug":"terceirizacao-irrestrita-deve-atingir-servico-publico-alertam-especialistas","status":"publish","type":"post","link":"https:\/\/hostnetart.com.br\/baixada\/terceirizacao-irrestrita-deve-atingir-servico-publico-alertam-especialistas\/","title":{"rendered":"Terceiriza\u00e7\u00e3o irrestrita deve atingir servi\u00e7o p\u00fablico, alertam especialistas"},"content":{"rendered":"<p>Ap\u00f3s a aprova\u00e7\u00e3o do Supremo Tribunal Federal (<a class=\"external-link\" title=\"\" href=\"http:\/\/stf.jus.br\/\" target=\"_blank\" rel=\"noopener noreferrer\">STF<\/a>),\u00a0<a class=\"internal-link\" title=\"\" href=\"https:\/\/www.redebrasilatual.com.br\/trabalho\/2018\/08\/relatores-no-stf-decidem-a-favor-da-terceirizacao-sem-limites\" target=\"_blank\" rel=\"noopener noreferrer\">na \u00faltima semana<\/a>, da terceiriza\u00e7\u00e3o irrestrita de trabalhadores para atividades-fim nas empresas, como prop\u00f4s o governo Temer, especialistas afirmam que a medida dever\u00e1 levar a\u00a0<a class=\"internal-link\" title=\"\" href=\"https:\/\/www.redebrasilatual.com.br\/blogs\/blog-na-rede\/2018\/08\/trabalho-precario-e-o-sobrenome-da-terceirizacao\" target=\"_blank\" rel=\"noopener noreferrer\">contrata\u00e7\u00f5es sem concurso p\u00fablico<\/a>, especialmente de profissionais de\u00a0educa\u00e7\u00e3o, sa\u00fade e cultura. \u00c9 o que alerta, por exemplo, o\u00a0presidente do\u00a0Sindicato dos Servidores Municipais de S\u00e3o Paulo (<a class=\"external-link\" title=\"\" href=\"https:\/\/sindsep-sp.org.br\/\" target=\"_blank\" rel=\"noopener noreferrer\">Sindsep<\/a>)., S\u00e9rgio Antiqueira.\u00a0<\/p>\n<p>&#8220;Os\u00a0<a class=\"internal-link\" title=\"\" href=\"https:\/\/www.redebrasilatual.com.br\/blogs\/blog-na-rede\/2015\/04\/a-terceirizacao-e-o-pl-4-330-suprimindo-direitos-e-ampliando-iniquidades-4447.html\" target=\"_blank\" rel=\"noopener noreferrer\">professores est\u00e3o na ponta da lista\u00a0<\/a>da amea\u00e7a, porque j\u00e1 tem o interesse de empresas entrar nos munic\u00edpios, trazendo apostilas, ent\u00e3o h\u00e1 o interesse em substituir os professores&#8221;, diz o sindicalista.<\/p>\n<p>Segundo o Dieese, os terceirizados ganham em m\u00e9dia 25% menos,\u00a0<a class=\"internal-link\" title=\"\" href=\"https:\/\/www.redebrasilatual.com.br\/trabalho\/2017\/04\/terceirizacao-tende-a-aumentar-numero-de-acidentes-de-trabalho-diz-mpt\" target=\"_blank\" rel=\"noopener noreferrer\">se acidentam 60% mais<\/a>\u00a0e trabalham 12 horas a mais por m\u00eas. A rotatividade da m\u00e3o de obra tamb\u00e9m \u00e9 o dobro da registrada em rela\u00e7\u00e3o ao contratado direto. Por todos esses fatores, a terceiriza\u00e7\u00e3o n\u00e3o significa melhora para os trabalhadores e nem para o servi\u00e7o p\u00fablico.<\/p>\n<p>&#8220;Num cen\u00e1rio de redu\u00e7\u00e3o dos gastos p\u00fablicos, por conta dos limites or\u00e7ament\u00e1rios da\u00a0<a class=\"internal-link\" title=\"\" href=\"https:\/\/www.redebrasilatual.com.br\/politica\/2016\/10\/nenhum-pais-adotou-teto-de-gastos-como-o-da-pec-241-9710.html\" target=\"_blank\" rel=\"noopener noreferrer\">Emenda Constitucional (EC) 95<\/a>, a gente avalia que os estados v\u00e3o usar esse instrumento de poder ampliar a terceiriza\u00e7\u00e3o do servi\u00e7o p\u00fablico para reduzir os seus custos. Como as condi\u00e7\u00f5es dadas aos trabalhadores pioram, influencia no atendimento tamb\u00e9m&#8221;, explica Adriana Marcolino, soci\u00f3loga e t\u00e9cnica do Dieese.<\/p>\n<p>Especialistas alertam ainda que a terceiriza\u00e7\u00e3o pode acabar com os concursos p\u00fablicos e a substitui\u00e7\u00e3o pelos terceirizados vai inviabilizar a aposentadoria dos atuais servidores. &#8220;A Previd\u00eancia do servidor o governo trata como um problema do servidor, n\u00e3o de gest\u00e3o da prefeitura (e demais inst\u00e2ncias do poder p\u00fablico).\u00a0<a class=\"internal-link\" title=\"\" href=\"https:\/\/www.redebrasilatual.com.br\/trabalho\/2017\/12\/ato-contra-a-reforma-da-previdencia-movimenta-o-centro-de-sao-paulo\" target=\"_blank\" rel=\"noopener noreferrer\">Voc\u00ea reduz a contribui\u00e7\u00e3o<\/a>, j\u00e1 que n\u00e3o tem mais o trabalhador direto, que contribui para a Previd\u00eancia&#8221;, diz S\u00e9rgio.<\/p>\n<p>A terceiriza\u00e7\u00e3o tamb\u00e9m pode trazer problemas para a previd\u00eancia dos trabalhadores do setor privado. Os sal\u00e1rios menores v\u00e3o fazer a arrecada\u00e7\u00e3o cair. Al\u00e9m disso, os trabalhadores que precisarem abrir empresas \u2013 tornando-se pessoas jur\u00eddicas (PJs) para terem seus servi\u00e7os contratados \u2013 podem nem contribuir com a Previd\u00eancia.<\/p>\n<p>Como n\u00e3o h\u00e1 mais recursos judiciais para impedir a terceiriza\u00e7\u00e3o total, os trabalhadores afirmam que a \u00fanica forma de reverter esse retrocesso \u00e9 a revoga\u00e7\u00e3o da lei, na pr\u00f3xima Legislatura a ser eleita em outubro. &#8220;N\u00f3s temos que discutir quem s\u00e3o os candidatos que prop\u00f5em a revers\u00e3o da reforma trabalhista e a lei de terceiriza\u00e7\u00e3o&#8221;, completa o representante dos servidores.<\/p>\n<p>\u00a0<\/p>\n<p><strong>FONTE: Rede Brasil Atual<\/strong><\/p>\n","protected":false},"excerpt":{"rendered":"<p>Ap\u00f3s a aprova\u00e7\u00e3o do Supremo Tribunal Federal (STF),\u00a0na \u00faltima semana, da terceiriza\u00e7\u00e3o irrestrita de trabalhadores para atividades-fim nas empresas, como prop\u00f4s o governo Temer, especialistas afirmam que a medida dever\u00e1 levar a\u00a0contrata\u00e7\u00f5es sem concurso p\u00fablico, especialmente de profissionais de\u00a0educa\u00e7\u00e3o, sa\u00fade e cultura. \u00c9 o que alerta, por exemplo, o\u00a0presidente do\u00a0Sindicato dos Servidores Municipais de S\u00e3o [&hellip;]<\/p>\n","protected":false},"author":2,"featured_media":5200,"comment_status":"","ping_status":"","sticky":false,"template":"","format":"standard","meta":{"footnotes":""},"categories":[3],"tags":[],"class_list":["post-5201","post","type-post","status-publish","format-standard","has-post-thumbnail","hentry","category-noticias"],"_links":{"self":[{"href":"https:\/\/hostnetart.com.br\/baixada\/wp-json\/wp\/v2\/posts\/5201","targetHints":{"allow":["GET"]}}],"collection":[{"href":"https:\/\/hostnetart.com.br\/baixada\/wp-json\/wp\/v2\/posts"}],"about":[{"href":"https:\/\/hostnetart.com.br\/baixada\/wp-json\/wp\/v2\/types\/post"}],"author":[{"embeddable":true,"href":"https:\/\/hostnetart.com.br\/baixada\/wp-json\/wp\/v2\/users\/2"}],"replies":[{"embeddable":true,"href":"https:\/\/hostnetart.com.br\/baixada\/wp-json\/wp\/v2\/comments?post=5201"}],"version-history":[{"count":0,"href":"https:\/\/hostnetart.com.br\/baixada\/wp-json\/wp\/v2\/posts\/5201\/revisions"}],"wp:featuredmedia":[{"embeddable":true,"href":"https:\/\/hostnetart.com.br\/baixada\/wp-json\/wp\/v2\/media\/5200"}],"wp:attachment":[{"href":"https:\/\/hostnetart.com.br\/baixada\/wp-json\/wp\/v2\/media?parent=5201"}],"wp:term":[{"taxonomy":"category","embeddable":true,"href":"https:\/\/hostnetart.com.br\/baixada\/wp-json\/wp\/v2\/categories?post=5201"},{"taxonomy":"post_tag","embeddable":true,"href":"https:\/\/hostnetart.com.br\/baixada\/wp-json\/wp\/v2\/tags?post=5201"}],"curies":[{"name":"wp","href":"https:\/\/api.w.org\/{rel}","templated":true}]}}