{"id":520,"date":"2014-01-09T00:00:00","date_gmt":"2014-01-09T02:00:00","guid":{"rendered":"https:\/\/hostnetart.com.br\/baixada\/mercantil-do-brasil-desrespeita-trabalhadores-demite-e-fecha-agencias\/"},"modified":"2014-01-09T00:00:00","modified_gmt":"2014-01-09T02:00:00","slug":"mercantil-do-brasil-desrespeita-trabalhadores-demite-e-fecha-agencias","status":"publish","type":"post","link":"https:\/\/hostnetart.com.br\/baixada\/mercantil-do-brasil-desrespeita-trabalhadores-demite-e-fecha-agencias\/","title":{"rendered":"Mercantil do Brasil desrespeita trabalhadores, demite e fecha ag\u00eancias"},"content":{"rendered":"<p>Deixando claro, mais uma vez, o seu desrespeito em rela\u00e7\u00e3o aos trabalhadores, o Mercantil do Brasil iniciou, no fim de 2013, um processo de demiss\u00f5es em todo o Brasil, que vem deixando banc\u00e1rias e banc\u00e1rios inseguros em rela\u00e7\u00e3o ao seu futuro no banco. Em dezembro, cerca de 50 funcion\u00e1rios do banco na base do Sindicato dos Banc\u00e1rios de Belo Horizonte e regi\u00e3o foram surpreendidos com a carta de demiss\u00e3o.<\/p>\n<p>\u00a0<\/p>\n<p>Diante da grave situa\u00e7\u00e3o, o Sindicato exigiu imediatamente uma explica\u00e7\u00e3o do Mercantil, que alegou estar realizando um processo de reestrutura\u00e7\u00e3o e que n\u00e3o haveria novas demiss\u00f5es. Por\u00e9m, o banco n\u00e3o apenas continuou com os cortes, como tamb\u00e9m fechou oito ag\u00eancias espalhadas pelo pa\u00eds nesta ter\u00e7a-feira (7).<br \/>Foram fechadas duas unidades de trabalho em Belo Horizonte, al\u00e9m de outras seis localizadas nos estados de Mato Grosso do Sul, Bahia, Para\u00edba, Paran\u00e1, Rio de Janeiro e Rio Grande do Sul. A medida n\u00e3o apenas desrespeita a categoria, como vai contra o pr\u00f3prio discurso do Mercantil de que pretendia avan\u00e7ar e atingir o n\u00famero de 200 ag\u00eancias no pa\u00eds.<br \/>Al\u00e9m disso, mudan\u00e7as de perfil em outras sete ag\u00eancias, situadas em Minas Gerais e tamb\u00e9m nos estados de S\u00e3o Paulo e Esp\u00edrito Santo, t\u00eam deixado os trabalhadores apreensivos. A reestrutura\u00e7\u00e3o \u00e9 realizada para que as unidades de trabalho passem a operar com atendimento exclusivo aos benefici\u00e1rios do INSS.<br \/>O Sindicato est\u00e1 cobrando uma reuni\u00e3o com o banco na Superintend\u00eancia Regional do Trabalho e Emprego de Minas Gerais (SRTE\/MG) para exigir esclarecimentos e o fim do absurdo processo de demiss\u00f5es.<\/p>\n<p>\u00a0<\/p>\n<p>Em outras ocasi\u00f5es, o Mercantil j\u00e1 demonstrou claramente sua postura autorit\u00e1ria e de desrespeito aos banc\u00e1rios. Em manifesta\u00e7\u00f5es realizadas em agosto de 2013, por exemplo, no Dia Nacional de Luta no Mercantil do Brasil, gestores do banco intimidaram trabalhadores e chegaram a chamar a Pol\u00edcia Militar para a porta da ag\u00eancia, em Belo Horizonte, para for\u00e7ar banc\u00e1rias e banc\u00e1rios a entrarem na unidade de trabalho.<\/p>\n<p>\u00a0<\/p>\n<p>O funcion\u00e1rio do Mercantil e diretor do Sindicato, Vanderci Ant\u00f4nio da Silva, destacou o ambiente pesado observado nas ag\u00eancias do banco. \u201cTemos visitado, constantemente, as ag\u00eancias e departamentos do Mercantil, onde constatamos um ambiente tenso e triste, em alguns casos, sem nenhum exagero, um clima de vel\u00f3rio. S\u00e3o funcion\u00e1rios desolados com as demiss\u00f5es de companheiros e preocupados com o futuro incerto.\u201d<\/p>\n<p>\u00a0<\/p>\n<p>\u201cA famigerada reestrutura\u00e7\u00e3o proposta pelo Mercantil est\u00e1 adoecendo os funcion\u00e1rios e piorando suas condi\u00e7\u00f5es de trabalho. Lutaremos contra esta situa\u00e7\u00e3o, j\u00e1 que os trabalhadores n\u00e3o s\u00e3o culpados e n\u00e3o podem ser penalizados pela m\u00e1 gest\u00e3o do banco\u201d, afirmou Vanderci.<\/p>\n<p>\u00a0<\/p>\n<p>Fonte: Contraf-CUT com Glauber Guimar\u00e3es \u2013 Seeb BH<\/p>\n","protected":false},"excerpt":{"rendered":"<p>Deixando claro, mais uma vez, o seu desrespeito em rela\u00e7\u00e3o aos trabalhadores, o Mercantil do Brasil iniciou, no fim de 2013, um processo de demiss\u00f5es em todo o Brasil, que vem deixando banc\u00e1rias e banc\u00e1rios inseguros em rela\u00e7\u00e3o ao seu futuro no banco. Em dezembro, cerca de 50 funcion\u00e1rios do banco na base do Sindicato [&hellip;]<\/p>\n","protected":false},"author":1,"featured_media":0,"comment_status":"","ping_status":"","sticky":false,"template":"","format":"standard","meta":{"footnotes":""},"categories":[3],"tags":[],"class_list":["post-520","post","type-post","status-publish","format-standard","hentry","category-noticias"],"_links":{"self":[{"href":"https:\/\/hostnetart.com.br\/baixada\/wp-json\/wp\/v2\/posts\/520","targetHints":{"allow":["GET"]}}],"collection":[{"href":"https:\/\/hostnetart.com.br\/baixada\/wp-json\/wp\/v2\/posts"}],"about":[{"href":"https:\/\/hostnetart.com.br\/baixada\/wp-json\/wp\/v2\/types\/post"}],"author":[{"embeddable":true,"href":"https:\/\/hostnetart.com.br\/baixada\/wp-json\/wp\/v2\/users\/1"}],"replies":[{"embeddable":true,"href":"https:\/\/hostnetart.com.br\/baixada\/wp-json\/wp\/v2\/comments?post=520"}],"version-history":[{"count":0,"href":"https:\/\/hostnetart.com.br\/baixada\/wp-json\/wp\/v2\/posts\/520\/revisions"}],"wp:attachment":[{"href":"https:\/\/hostnetart.com.br\/baixada\/wp-json\/wp\/v2\/media?parent=520"}],"wp:term":[{"taxonomy":"category","embeddable":true,"href":"https:\/\/hostnetart.com.br\/baixada\/wp-json\/wp\/v2\/categories?post=520"},{"taxonomy":"post_tag","embeddable":true,"href":"https:\/\/hostnetart.com.br\/baixada\/wp-json\/wp\/v2\/tags?post=520"}],"curies":[{"name":"wp","href":"https:\/\/api.w.org\/{rel}","templated":true}]}}