{"id":5197,"date":"2018-09-03T19:31:37","date_gmt":"2018-09-03T22:31:37","guid":{"rendered":"https:\/\/hostnetart.com.br\/baixada\/pib-indica-dificuldade-de-retomada-do-crescimento-economico\/"},"modified":"2018-09-03T19:31:37","modified_gmt":"2018-09-03T22:31:37","slug":"pib-indica-dificuldade-de-retomada-do-crescimento-economico","status":"publish","type":"post","link":"https:\/\/hostnetart.com.br\/baixada\/pib-indica-dificuldade-de-retomada-do-crescimento-economico\/","title":{"rendered":"PIB indica dificuldade de retomada do crescimento econ\u00f4mico"},"content":{"rendered":"<p class=\" \">A varia\u00e7\u00e3o do <a class=\"internal-link\" title=\"\" href=\"https:\/\/www.redebrasilatual.com.br\/economia\/2018\/08\/pib-patina-no-segundo-trimestre-industria-cai\" target=\"_blank\" rel=\"noopener noreferrer\">Produto Interno Bruto (PIB)<\/a>\u00a0do primeiro para o segundo trimestre, de 0,2%, indicou resultado discretamente positivo, mas mostra tamb\u00e9m que\u00a0o Brasil apresenta s\u00e9rias dificuldades para a retomada do crescimento. &#8220;Se comparada a anos anteriores,\u00a0em que o Brasil tamb\u00e9m viveu uma\u00a0 recess\u00e3o, a economia tinha uma velocidade tr\u00eas vezes maior do que a observada atualmente&#8221;,\u00a0explica o diretor t\u00e9cnico do Dieese, Clemente Ganz L\u00facio, em sua coluna na edi\u00e7\u00e3o desta segunda-feira (3) no <b>Jornal Brasil Atual.\u00a0<\/b><\/p>\n<p class=\" \">A quatro meses do fim do governo Temer, Clemente afirma que os resultados indicam uma quase estagna\u00e7\u00e3o da economia brasileira, com baixos investimentos p\u00fablicos e privados, ao <a class=\"internal-link\" title=\"\" href=\"https:\/\/www.redebrasilatual.com.br\/economia\/2018\/08\/emprego-sem-carteira-e-autonomo-garantem-recuperacao-do-mercado\" target=\"_blank\" rel=\"noopener noreferrer\">desemprego<\/a> que afeta 13 milh\u00f5es de pessoas, segundo estimativa do IBGE, e a consequente queda no consumo da popula\u00e7\u00e3o \u2013 em contraponto ao per\u00edodo de 2009, por exemplo, quando o Brasil vivia os impactos da crise global.\u00a0<\/p>\n<p class=\" \">&#8220;\u00c9 evidente que o Brasil precisa de ter uma outra din\u00e2mica econ\u00f4mica para recuperar o dinamismo em temos de crescimento. E, principalmente, se quer que esse dinamismo se transforme em renda e emprego para os trabalhadores&#8221;, afirma o diretor-t\u00e9cnico, acrescentando que, para <a class=\"internal-link\" title=\"\" href=\"https:\/\/www.redebrasilatual.com.br\/trabalho\/2018\/08\/brasil-podera-levar-dez-anos-para-repor-postos-de-trabalho-fechados\" target=\"_blank\" rel=\"noopener noreferrer\">recuperar os postos de trabalho fechados<\/a>, \u00e9 preciso um crescimento do PIB na ordem de 4% a 5% ao ano.\u00a0<\/p>\n<p class=\" \">\u00a0<\/p>\n<p class=\" \"><strong>Fonte: Rede Brasil Atual<\/strong><\/p>\n","protected":false},"excerpt":{"rendered":"<p>A varia\u00e7\u00e3o do Produto Interno Bruto (PIB)\u00a0do primeiro para o segundo trimestre, de 0,2%, indicou resultado discretamente positivo, mas mostra tamb\u00e9m que\u00a0o Brasil apresenta s\u00e9rias dificuldades para a retomada do crescimento. &#8220;Se comparada a anos anteriores,\u00a0em que o Brasil tamb\u00e9m viveu uma\u00a0 recess\u00e3o, a economia tinha uma velocidade tr\u00eas vezes maior do que a observada [&hellip;]<\/p>\n","protected":false},"author":2,"featured_media":5196,"comment_status":"","ping_status":"","sticky":false,"template":"","format":"standard","meta":{"footnotes":""},"categories":[3],"tags":[],"class_list":["post-5197","post","type-post","status-publish","format-standard","has-post-thumbnail","hentry","category-noticias"],"_links":{"self":[{"href":"https:\/\/hostnetart.com.br\/baixada\/wp-json\/wp\/v2\/posts\/5197","targetHints":{"allow":["GET"]}}],"collection":[{"href":"https:\/\/hostnetart.com.br\/baixada\/wp-json\/wp\/v2\/posts"}],"about":[{"href":"https:\/\/hostnetart.com.br\/baixada\/wp-json\/wp\/v2\/types\/post"}],"author":[{"embeddable":true,"href":"https:\/\/hostnetart.com.br\/baixada\/wp-json\/wp\/v2\/users\/2"}],"replies":[{"embeddable":true,"href":"https:\/\/hostnetart.com.br\/baixada\/wp-json\/wp\/v2\/comments?post=5197"}],"version-history":[{"count":0,"href":"https:\/\/hostnetart.com.br\/baixada\/wp-json\/wp\/v2\/posts\/5197\/revisions"}],"wp:featuredmedia":[{"embeddable":true,"href":"https:\/\/hostnetart.com.br\/baixada\/wp-json\/wp\/v2\/media\/5196"}],"wp:attachment":[{"href":"https:\/\/hostnetart.com.br\/baixada\/wp-json\/wp\/v2\/media?parent=5197"}],"wp:term":[{"taxonomy":"category","embeddable":true,"href":"https:\/\/hostnetart.com.br\/baixada\/wp-json\/wp\/v2\/categories?post=5197"},{"taxonomy":"post_tag","embeddable":true,"href":"https:\/\/hostnetart.com.br\/baixada\/wp-json\/wp\/v2\/tags?post=5197"}],"curies":[{"name":"wp","href":"https:\/\/api.w.org\/{rel}","templated":true}]}}