{"id":5195,"date":"2018-09-03T19:30:45","date_gmt":"2018-09-03T22:30:45","guid":{"rendered":"https:\/\/hostnetart.com.br\/baixada\/24-grito-dos-excluidos-cobra-o-fim-da-desigualdade-social-e-da-violencia\/"},"modified":"2018-09-03T19:30:45","modified_gmt":"2018-09-03T22:30:45","slug":"24-grito-dos-excluidos-cobra-o-fim-da-desigualdade-social-e-da-violencia","status":"publish","type":"post","link":"https:\/\/hostnetart.com.br\/baixada\/24-grito-dos-excluidos-cobra-o-fim-da-desigualdade-social-e-da-violencia\/","title":{"rendered":"24\u00ba Grito dos Exclu\u00eddos cobra o fim da desigualdade social e da viol\u00eancia"},"content":{"rendered":"<div class=\"content\">\n<p>As tradicionais manifesta\u00e7\u00f5es do Grito dos Exclu\u00eddos, acontecem nesta sexta-feira (7 de setembro), em todo pa\u00eds. O conjunto de a\u00e7\u00f5es, articulado pelos movimentos sociais, \u00e9 realizado desde 1995 com o mote \u201cA vida em primeiro lugar\u201d. Neste ano, os atos cobram igualdade social com um tema espec\u00edfico: \u201cDesigualdade gera viol\u00eancia. Basta de privil\u00e9gio\u201d.<\/p>\n<p>A vers\u00e3o mais antiga do Grito dos Exclu\u00eddos \u00e9 realizada na cidade de Aparecida, no estado de S\u00e3o Paulo, em conjunto com a Romaria dos trabalhadores e trabalhadoras.<br \/> Na cidade de S\u00e3o Paulo est\u00e3o confirmados dois atos com concentra\u00e7\u00e3o a partir das 9h. Um deles acontece na Pra\u00e7a da S\u00e9, regi\u00e3o central da cidade, e o outro come\u00e7a na Pra\u00e7a Oswaldo Cruz e termina no Parque Ibirapuera. Manifesta\u00e7\u00f5es est\u00e3o previstas em diversas regi\u00f5es do pa\u00eds e no estado de S\u00e3o Paulo ser\u00e3o realizados atos em Guarulhos, Campinas, Piracicaba, Ribeir\u00e3o Preto, Jundia\u00ed e Aparecida.<\/p>\n<\/div>\n<p id=\"page-author\"><strong>Fonte: Contraf-CUT<\/strong><\/p>\n","protected":false},"excerpt":{"rendered":"<p>As tradicionais manifesta\u00e7\u00f5es do Grito dos Exclu\u00eddos, acontecem nesta sexta-feira (7 de setembro), em todo pa\u00eds. O conjunto de a\u00e7\u00f5es, articulado pelos movimentos sociais, \u00e9 realizado desde 1995 com o mote \u201cA vida em primeiro lugar\u201d. Neste ano, os atos cobram igualdade social com um tema espec\u00edfico: \u201cDesigualdade gera viol\u00eancia. Basta de privil\u00e9gio\u201d. A vers\u00e3o [&hellip;]<\/p>\n","protected":false},"author":2,"featured_media":5194,"comment_status":"","ping_status":"","sticky":false,"template":"","format":"standard","meta":{"footnotes":""},"categories":[3],"tags":[],"class_list":["post-5195","post","type-post","status-publish","format-standard","has-post-thumbnail","hentry","category-noticias"],"_links":{"self":[{"href":"https:\/\/hostnetart.com.br\/baixada\/wp-json\/wp\/v2\/posts\/5195","targetHints":{"allow":["GET"]}}],"collection":[{"href":"https:\/\/hostnetart.com.br\/baixada\/wp-json\/wp\/v2\/posts"}],"about":[{"href":"https:\/\/hostnetart.com.br\/baixada\/wp-json\/wp\/v2\/types\/post"}],"author":[{"embeddable":true,"href":"https:\/\/hostnetart.com.br\/baixada\/wp-json\/wp\/v2\/users\/2"}],"replies":[{"embeddable":true,"href":"https:\/\/hostnetart.com.br\/baixada\/wp-json\/wp\/v2\/comments?post=5195"}],"version-history":[{"count":0,"href":"https:\/\/hostnetart.com.br\/baixada\/wp-json\/wp\/v2\/posts\/5195\/revisions"}],"wp:featuredmedia":[{"embeddable":true,"href":"https:\/\/hostnetart.com.br\/baixada\/wp-json\/wp\/v2\/media\/5194"}],"wp:attachment":[{"href":"https:\/\/hostnetart.com.br\/baixada\/wp-json\/wp\/v2\/media?parent=5195"}],"wp:term":[{"taxonomy":"category","embeddable":true,"href":"https:\/\/hostnetart.com.br\/baixada\/wp-json\/wp\/v2\/categories?post=5195"},{"taxonomy":"post_tag","embeddable":true,"href":"https:\/\/hostnetart.com.br\/baixada\/wp-json\/wp\/v2\/tags?post=5195"}],"curies":[{"name":"wp","href":"https:\/\/api.w.org\/{rel}","templated":true}]}}