{"id":5193,"date":"2018-09-03T19:28:33","date_gmt":"2018-09-03T22:28:33","guid":{"rendered":"https:\/\/hostnetart.com.br\/baixada\/politica-do-estado-minimo-destroi-tudo-o-que-e-publico\/"},"modified":"2018-09-03T19:28:33","modified_gmt":"2018-09-03T22:28:33","slug":"politica-do-estado-minimo-destroi-tudo-o-que-e-publico","status":"publish","type":"post","link":"https:\/\/hostnetart.com.br\/baixada\/politica-do-estado-minimo-destroi-tudo-o-que-e-publico\/","title":{"rendered":"Pol\u00edtica do Estado m\u00ednimo destr\u00f3i tudo o que \u00e9 p\u00fablico"},"content":{"rendered":"<div class=\"content\">\n<p>O <strong><ins><a href=\"https:\/\/www.redebrasilatual.com.br\/cidadania\/2018\/09\/incendio-destroi-acervo-do-museu-nacional-do-rio-de-janeiro\" target=\"_blank\" rel=\"noopener noreferrer\">inc\u00eandio de grandes propor\u00e7\u00f5es<\/a><\/ins><\/strong> que neste domingo (2) destruiu a quase totalidade do acervo do Museu Nacional e comprometeu toda a sua estrutura \u00e9 fruto da falta de recursos, agravada durante o governo Temer, com a medida que ficou conhecida como &#8220;<strong><ins><a href=\"https:\/\/www.redebrasilatual.com.br\/economia\/2018\/07\/saida-da-crise-passa-pela-revogacao-do-teto-de-gastos-segundo-ativistas\" target=\"_blank\" rel=\"noopener noreferrer\">teto de gastos<\/a><\/ins><\/strong>&#8220;. \u00c9 esse contexto de &#8220;restri\u00e7\u00e3o or\u00e7ament\u00e1ria&#8221; que, segundo o reitor da Universidade Federal do Rio de Janeiro (UFRJ), Roberto Leher, colaborou para a ocorr\u00eancia da trag\u00e9dia.<\/p>\n<p>&#8220;Num contexto como esse, todas as unidades (da universidade) s\u00e3o afetadas. Para o pa\u00eds, \u00e9 uma perda imensa. Aqui temos a nossa mem\u00f3ria. Grande parte do processo de constitui\u00e7\u00e3o da hist\u00f3ria moderna do Brasil passa pelo Museu Nacional. Este inc\u00eandio sangra o cora\u00e7\u00e3o do pa\u00eds.&#8221; O museu \u00e9 vinculado \u00e0 UFRJ.<\/p>\n<p>Leher tamb\u00e9m atribuiu as dificuldades no combate a falta de &#8220;infraestrutura&#8221; para enfrentar uma emerg\u00eancia desse porte. &#8220;Reconhecemos o trabalho valoroso do Corpo de Bombeiros, mas a forma de combate ao inc\u00eandio n\u00e3o foi da mesma propor\u00e7\u00e3o e escala do inc\u00eandio. Percebemos claramente que faltou uma log\u00edstica e uma capacidade de infraestrutura.&#8221;<\/p>\n<p>Sem \u00e1gua nos hidrantes, o inc\u00eandio avan\u00e7ava enquanto os bombeiros aguardavam a chegada de carros-pipa enviados pela Companhia de \u00c1guas e Esgotos do Rio (Cedae). Bombeiros, professores e t\u00e9cnicos do museu dizem que ainda conseguiram salvar algumas pe\u00e7as do acervo, composto por mais de milh\u00f5es de obras e documentos. Mas, segundo o diretor de Preserva\u00e7\u00e3o do Museu Nacional, no Rio de Janeiro, Jo\u00e3o Carlos Nara, &#8220;o dano \u00e9 irrepar\u00e1vel&#8221;.<\/p>\n<p>\u201cInfelizmente a reserva t\u00e9cnica, que esper\u00e1vamos que seria preservada, tamb\u00e9m foi atingida. Teremos de esperar o fim do trabalho dos bombeiros para verificar realmente a dimens\u00e3o de tudo. \u201c\u00c9 uma edifica\u00e7\u00e3o muito antiga que foi concebida em um contexto em que n\u00e3o existia o uso de energia, muito menos o uso intensivo de energia como s\u00e3o as edifica\u00e7\u00f5es acad\u00eamicas, que t\u00eam laborat\u00f3rios, \u00e1rea administrativa, inform\u00e1tica&#8221;, afirmou Nara.<\/p>\n<p>Ele tamb\u00e9m afirmou que as instala\u00e7\u00f5es do museu contavam com uma brigada de inc\u00eandio que realizava &#8220;trabalho sistem\u00e1tico&#8221; junto ao Corpo de Bombeiros e \u00e0 Defesa Civil, e que os extintores estavam &#8220;em ordem&#8221;.<\/p>\n<p>Para a ex-secret\u00e1ria de Cidadania e Diversidade Cultural do Minist\u00e9rio da Cultura <ins><strong><a href=\"http:\/\/midianinja.org\/ivanabentes\/museu-nacional-nao-e-acidente-e-barbarie\/\" target=\"_blank\" rel=\"noopener noreferrer\">Ivana Bentes<\/a><\/strong><\/ins>, n\u00e3o \u00e9 poss\u00edvel atribuir \u00e0 trag\u00e9dia a um suposto &#8220;descaso&#8221; da UFRJ. &#8220;N\u00e3o existe pol\u00edtica p\u00fablica para manter e conservar nosso patrim\u00f4nio. \u00c9 o mesmo descaso com o patrim\u00f4nio, a pesquisa, a ci\u00eancia e tudo que \u00e9 p\u00fablico. O Museu sobrevive com o m\u00ednimo de recursos do Estado.&#8221;<\/p>\n<p>Ela lembra que at\u00e9 mesmo o p\u00fablico chegou a contribuir com &#8220;vaquinha&#8221; para ajudar na manuten\u00e7\u00e3o do museu, e disse que trag\u00e9dias dessa dimens\u00e3o podem ocorrer em outras institui\u00e7\u00f5es que vivem na mesma situa\u00e7\u00e3o. &#8220;S\u00e3o inc\u00eandios e trag\u00e9dias que n\u00e3o s\u00e3o ainda mais frequentes nem sabemos porqu\u00ea. Na adversidade vivemos e as universidades fazem muito e muit\u00edssimo com muito pouco.&#8221;<\/p>\n<p>Segundo a Sociedade Brasileira para o Progresso da Ci\u00eancia (SBPC-RJ), desde 2014, o &#8220;Governo Federal n\u00e3o faz os repasses apropriados para a manuten\u00e7\u00e3o do Museu&#8221;. O \u00f3rg\u00e3o tamb\u00e9m declarou que o inc\u00eandio &#8220;\u00e9 um s\u00edmbolo do descaso do governo atual com a nossa cultura, ci\u00eancia e patrim\u00f4nio.&#8221;<\/p>\n<\/div>\n<p id=\"page-author\"><strong>Fonte: Rede Brasil Atual<\/strong><\/p>\n","protected":false},"excerpt":{"rendered":"<p>O inc\u00eandio de grandes propor\u00e7\u00f5es que neste domingo (2) destruiu a quase totalidade do acervo do Museu Nacional e comprometeu toda a sua estrutura \u00e9 fruto da falta de recursos, agravada durante o governo Temer, com a medida que ficou conhecida como &#8220;teto de gastos&#8220;. \u00c9 esse contexto de &#8220;restri\u00e7\u00e3o or\u00e7ament\u00e1ria&#8221; que, segundo o reitor [&hellip;]<\/p>\n","protected":false},"author":2,"featured_media":5192,"comment_status":"","ping_status":"","sticky":false,"template":"","format":"standard","meta":{"footnotes":""},"categories":[3],"tags":[],"class_list":["post-5193","post","type-post","status-publish","format-standard","has-post-thumbnail","hentry","category-noticias"],"_links":{"self":[{"href":"https:\/\/hostnetart.com.br\/baixada\/wp-json\/wp\/v2\/posts\/5193","targetHints":{"allow":["GET"]}}],"collection":[{"href":"https:\/\/hostnetart.com.br\/baixada\/wp-json\/wp\/v2\/posts"}],"about":[{"href":"https:\/\/hostnetart.com.br\/baixada\/wp-json\/wp\/v2\/types\/post"}],"author":[{"embeddable":true,"href":"https:\/\/hostnetart.com.br\/baixada\/wp-json\/wp\/v2\/users\/2"}],"replies":[{"embeddable":true,"href":"https:\/\/hostnetart.com.br\/baixada\/wp-json\/wp\/v2\/comments?post=5193"}],"version-history":[{"count":0,"href":"https:\/\/hostnetart.com.br\/baixada\/wp-json\/wp\/v2\/posts\/5193\/revisions"}],"wp:featuredmedia":[{"embeddable":true,"href":"https:\/\/hostnetart.com.br\/baixada\/wp-json\/wp\/v2\/media\/5192"}],"wp:attachment":[{"href":"https:\/\/hostnetart.com.br\/baixada\/wp-json\/wp\/v2\/media?parent=5193"}],"wp:term":[{"taxonomy":"category","embeddable":true,"href":"https:\/\/hostnetart.com.br\/baixada\/wp-json\/wp\/v2\/categories?post=5193"},{"taxonomy":"post_tag","embeddable":true,"href":"https:\/\/hostnetart.com.br\/baixada\/wp-json\/wp\/v2\/tags?post=5193"}],"curies":[{"name":"wp","href":"https:\/\/api.w.org\/{rel}","templated":true}]}}