{"id":5191,"date":"2018-09-03T03:46:26","date_gmt":"2018-09-03T06:46:26","guid":{"rendered":"https:\/\/hostnetart.com.br\/baixada\/crise-ajuste-scal-e-cortes-na-saude-disparam-mortalidade-materna-e-infantil\/"},"modified":"2018-09-03T03:46:26","modified_gmt":"2018-09-03T06:46:26","slug":"crise-ajuste-scal-e-cortes-na-saude-disparam-mortalidade-materna-e-infantil","status":"publish","type":"post","link":"https:\/\/hostnetart.com.br\/baixada\/crise-ajuste-scal-e-cortes-na-saude-disparam-mortalidade-materna-e-infantil\/","title":{"rendered":"Crise, ajuste \ufb01scal e cortes na sa\u00fade disparam mortalidade materna e infantil"},"content":{"rendered":"<p>Depois de um hist\u00f3rico de queda entre 2010 e 2016, as taxas de <strong>mortalidade infantil\u00a0<\/strong> <strong>e materna<\/strong> voltaram a crescer no Brasil. O alerta \u00e9 da <a class=\"external-link\" title=\"\" href=\"https:\/\/www.abrasco.org.br\" target=\"_blank\" rel=\"noopener noreferrer\">Associa\u00e7\u00e3o Brasileira de Sa\u00fade Coletiva (Abrasco)<\/a>.<\/p>\n<p>Ao analisar dados registrados no\u00a0Sistema de Informa\u00e7\u00f5es sobre Mortalidade (SIM), do <a class=\"external-link\" title=\"\" href=\"http:\/\/portalms.saude.gov.br\" target=\"_blank\" rel=\"noopener noreferrer\">Minist\u00e9rio da Sa\u00fade<\/a>, a entidade constatou que o n\u00famero total de \u00f3bitos infantis no Brasil diminuiu entre os anos de 2015 e 2016. Entre aqueles com causas definidas, a diarreia, que vinha progressivamente caindo entre 2010 e 2015, aumentou em 2016 em todas as regi\u00f5es, com exce\u00e7\u00e3o da regi\u00e3o Sul.<\/p>\n<p>A Abrasco chama aten\u00e7\u00e3o tamb\u00e9m para o fato de que, que nesse mesmo per\u00edodo \u2013 entre 2015 e 2017 \u2013 houve piora tamb\u00e9m nos dados sobre mortalidade por agress\u00f5es em adolescentes e adultos jovens.<\/p>\n<p>E a mortalidade materna, que teve redu\u00e7\u00e3o de 43% entre 1990 e 2015, aumentou em 2017. Passou de\u00a062 mortes por 100.000 nascidos vivos para 64 por 100.000 \u2013 um aumento que foi maior no Norte e Nordeste, segundo o Minist\u00e9rio da Sa\u00fade.<\/p>\n<p>A mortalidade materna \u00e9 considerada alta no Brasil, que tem dificuldades na redu\u00e7\u00e3o. Tanto que este \u00e9 o \u00fanico dos <a class=\"external-link\" title=\"\" href=\"http:\/\/www.odmbrasil.gov.br\/os-objetivos-de-desenvolvimento-do-milenio\" target=\"_blank\" rel=\"noopener noreferrer\">Objetivos do Desenvolvimento do Mil\u00eanio<\/a>, estabelecido pela ONU, que o pa\u00eds n\u00e3o conseguiu atingir em 2015. O compromisso era reduzir 6% de 1990 a 2015, mas s\u00f3 conseguiu 43%.<\/p>\n<p>A mortalidade materna est\u00e1 sofrendo os mesmos efeitos dos fatores associados ao aumento da mortalidade infantil com a crise econ\u00f4mica, o ajuste \ufb01scal e os cortes de investimentos em sa\u00fade.\u00a0Para a Abrasco, o Brasil est\u00e1 assistindo a estes aumentos nas taxas que deveriam estar sendo reduzidas. E\u00a0a queda nas coberturas de imuniza\u00e7\u00e3o traz o risco do surgimento de epidemias de doen\u00e7as j\u00e1 controladas no passado.<\/p>\n<p>Confira a \u00edntegra do especial Abrasco clicando <a class=\"external-link\" title=\"\" href=\"https:\/\/www.abrasco.org.br\/site\/outras-noticias\/institucional\/especial-abrasco-sobre-o-aumento-da-mortalidade-infantil-e-materna-no-brasil\/36777\/\" target=\"_blank\" rel=\"noopener noreferrer\">aqui<\/a>.<\/p>\n<p>\u00a0<\/p>\n<p><strong>Fonte: Rede Brasil Atual<\/strong><\/p>\n","protected":false},"excerpt":{"rendered":"<p>Depois de um hist\u00f3rico de queda entre 2010 e 2016, as taxas de mortalidade infantil\u00a0 e materna voltaram a crescer no Brasil. O alerta \u00e9 da Associa\u00e7\u00e3o Brasileira de Sa\u00fade Coletiva (Abrasco). Ao analisar dados registrados no\u00a0Sistema de Informa\u00e7\u00f5es sobre Mortalidade (SIM), do Minist\u00e9rio da Sa\u00fade, a entidade constatou que o n\u00famero total de \u00f3bitos [&hellip;]<\/p>\n","protected":false},"author":2,"featured_media":5190,"comment_status":"","ping_status":"","sticky":false,"template":"","format":"standard","meta":{"footnotes":""},"categories":[3],"tags":[],"class_list":["post-5191","post","type-post","status-publish","format-standard","has-post-thumbnail","hentry","category-noticias"],"_links":{"self":[{"href":"https:\/\/hostnetart.com.br\/baixada\/wp-json\/wp\/v2\/posts\/5191","targetHints":{"allow":["GET"]}}],"collection":[{"href":"https:\/\/hostnetart.com.br\/baixada\/wp-json\/wp\/v2\/posts"}],"about":[{"href":"https:\/\/hostnetart.com.br\/baixada\/wp-json\/wp\/v2\/types\/post"}],"author":[{"embeddable":true,"href":"https:\/\/hostnetart.com.br\/baixada\/wp-json\/wp\/v2\/users\/2"}],"replies":[{"embeddable":true,"href":"https:\/\/hostnetart.com.br\/baixada\/wp-json\/wp\/v2\/comments?post=5191"}],"version-history":[{"count":0,"href":"https:\/\/hostnetart.com.br\/baixada\/wp-json\/wp\/v2\/posts\/5191\/revisions"}],"wp:featuredmedia":[{"embeddable":true,"href":"https:\/\/hostnetart.com.br\/baixada\/wp-json\/wp\/v2\/media\/5190"}],"wp:attachment":[{"href":"https:\/\/hostnetart.com.br\/baixada\/wp-json\/wp\/v2\/media?parent=5191"}],"wp:term":[{"taxonomy":"category","embeddable":true,"href":"https:\/\/hostnetart.com.br\/baixada\/wp-json\/wp\/v2\/categories?post=5191"},{"taxonomy":"post_tag","embeddable":true,"href":"https:\/\/hostnetart.com.br\/baixada\/wp-json\/wp\/v2\/tags?post=5191"}],"curies":[{"name":"wp","href":"https:\/\/api.w.org\/{rel}","templated":true}]}}