{"id":5189,"date":"2018-09-03T03:44:43","date_gmt":"2018-09-03T06:44:43","guid":{"rendered":"https:\/\/hostnetart.com.br\/baixada\/acordos-assinados-cct-e-aumento-real-garantidos-por-dois-anos-para-os-bancarios\/"},"modified":"2018-09-03T03:44:43","modified_gmt":"2018-09-03T06:44:43","slug":"acordos-assinados-cct-e-aumento-real-garantidos-por-dois-anos-para-os-bancarios","status":"publish","type":"post","link":"https:\/\/hostnetart.com.br\/baixada\/acordos-assinados-cct-e-aumento-real-garantidos-por-dois-anos-para-os-bancarios\/","title":{"rendered":"Acordos assinados, CCT e aumento real garantidos por dois anos para os banc\u00e1rios"},"content":{"rendered":"<div class=\"content\">\n<p>Reposi\u00e7\u00e3o total da infla\u00e7\u00e3o e aumento real garantidos, assim como todos os direitos previstos pela Conven\u00e7\u00e3o Coletiva de Trabalho para os pr\u00f3ximos dois anos. Os sindicatos representantes de banc\u00e1rios de institui\u00e7\u00f5es p\u00fablicas e privadas assinaram nesta sexta-feira (31), com a Federa\u00e7\u00e3o Nacional dos Bancos (Fenaban), a Conven\u00e7\u00e3o Coletivo de Trabalho (CCT) 2018\/2020 e os acordos aditivos do Banco do Brasil e da Caixa Federal, v\u00e1lidos pelo mesmo per\u00edodo.<\/p>\n<p>Clique <a href=\"http:\/\/contrafcut.org.br\/fotos\/assinatura-do-acordo-d1c2\">aqui <\/a>e veja a galeria de fotos da assinatura.<\/p>\n<p>Na cerim\u00f4nia, realizada em S\u00e3o Paulo, a presidenta da Confedera\u00e7\u00e3o Nacional dos Trabalhadores do Ramo Financeiro (Contraf-CUT), Juvandia Moreira, destacou a import\u00e2ncia da unidade entre os banc\u00e1rios de todo o Brasil na Campanha Nacional Unificada 2018 e destacou a manuten\u00e7\u00e3o de todos direitos e o fortalecimento da organiza\u00e7\u00e3o dos banc\u00e1rios como outro grande resultado.<\/p>\n<p>\u201cQuero parabenizar os dirigentes sindicais do Comando. Esse processo foi constru\u00eddo com todos eles desde as assembleias, confer\u00eancias estaduais, regionais, a nacional, com muita maturidade e sabedoria, todos buscando representar o que era vontade dos banc\u00e1rios. E isso foi feito. A \u2018reforma trabalhista\u2019 tornou a conjuntura mais dif\u00edcil e impactou nossa negocia\u00e7\u00e3o, mas n\u00e3o o nosso patrim\u00f4nio constru\u00eddo por tantos anos, a nossa CCT, da qual temos tanto orgulho e zelo.\u201d<\/p>\n<p>Juvandia ainda lembrou que \u201cmantivemos nossa unidade, que tamb\u00e9m \u00e9 um patrim\u00f4nio constru\u00eddo. Constru\u00edmos um acordo com aumento real que era o que os banc\u00e1rios queriam. Por isso aprovaram em assembleias lotadas por todo o Brasil. Renovar mais um acordo com todos os direitos e aumento real por dois anos ajuda as demais categorias porque vira refer\u00eancia.\u201d<\/p>\n<p>Ela enalteceu tamb\u00e9m a import\u00e2ncia dos sindicatos. \u201cSempre discutimos que os trabalhadores deveriam definir a forma de financiamento de seus sindicatos e alcan\u00e7amos isso. Ter sindicatos fortes, em negocia\u00e7\u00e3o nacional como \u00e9 a nossa, \u00e9 important\u00edssimo. Por isso os banc\u00e1rios comemoram a assinatura desse acordo.\u201d<\/p>\n<p>\u201cNosso acordo geral com a Fenaban e os espec\u00edficos do BB e da Caixa s\u00e3o exemplos de resist\u00eancia contra a reforma trabalhista, aprovada ap\u00f3s o golpe. Conseguimos manter todos os direitos previstos na nossa Conven\u00e7\u00e3o Coletiva, que os bancos propuseram retirar ao longo das mesas de negocia\u00e7\u00e3o. E temos esses direitos garantidos por dois anos, o que \u00e9 fundamental diante do cen\u00e1rio de incertezas no pa\u00eds. Al\u00e9m disso, garantimos a validade da CCT para mais de 90 mil banc\u00e1rios que seriam considerados hipersuficientes\u201d, destaca a presidenta do Sindicato e uma das coordenadoras do Comando, Ivone Silva.<\/p>\n<p>Ana Stela Alves de Lima, da Federa\u00e7\u00e3o S\u00e3o Paulo e Mato Grosso do Sul (Feeb-SP\/MS), concordou. \u201cNum mundo e em um pa\u00eds onde rela\u00e7\u00f5es de trabalho s\u00e3o t\u00e3o desiguais, \u00e9 motivo de orgulho. Chegar at\u00e9 aqui, com muitas diferen\u00e7as superadas, em defesa dos direitos dos banc\u00e1rios.\u201d<\/p>\n<p>Hermelino Neto, presidente da Feeb BA\/SE, registrou que a constru\u00e7\u00e3o dessa campanha, desde as assembleias e confer\u00eancias em mar\u00e7o, tinha como meta nossa unidade. \u201cA grande vit\u00f3ria foi manter a unidade dos banc\u00e1rios de bancos p\u00fablicos e privados . Queremos sindicatos fortes que representem bem todos os trabalhadores.\u00a0 Diante da decis\u00e3o do STF [a favor da terceiriza\u00e7\u00e3o], esperamos que n\u00e3o respingue em nossa categoria.\u201d<\/p>\n<p><strong>Quando o trabalhador ganha, a economia se fortalece<\/strong><\/p>\n<p>Os ganhos dos banc\u00e1rios na Campanha 2018 \u2013 dos quase 500 mil trabalhadores de bancos p\u00fablicos e privados em todo o Brasil \u2013 ter\u00e3o forte impacto na economia do pa\u00eds. Somente o reajuste de 5% nos sal\u00e1rios da categoria representa acr\u00e9scimo anual de cerca de R$ 2,5 bilh\u00f5es na economia. O mesmo vale para os vales alimenta\u00e7\u00e3o e refei\u00e7\u00e3o: um impacto adicional de R$ 384 milh\u00f5es em um ano.<\/p>\n<p>Em \u00e2mbito nacional a PLR conquistada injetar\u00e1 por volta de R$ 7,036 bilh\u00f5es no mercado, nos pr\u00f3ximos 12 meses. J\u00e1 com a antecipa\u00e7\u00e3o do pagamento, em 20 de setembro, o ser\u00e1 de cerca de R$ 3,190 bilh\u00f5es.<\/p>\n<p>\u201cSomados os reajustes nos sal\u00e1rios, vales e a PLR total levar\u00e3o para a economia nacional cerca de R$ 9,922 bilh\u00f5es. S\u00e3o quase R$ 10 milh\u00f5es que saem dos cofres dos bancos para os bolsos dos trabalhadores e v\u00e3o aquecer o consumo e ajudar a economia girar\u201d, avaliou Juvandia. \u201cEssa \u00e9 mais uma mostra da import\u00e2ncia dos trabalhadores terem sal\u00e1rios melhores e mais direitos para a economia nacional: empregos e sal\u00e1rios produzem um mercado interno forte, robusto, capaz de enfrentar as incertezas da crise. Esse \u00e9 o pa\u00eds que queremos e vamos continuar lutando para construir, com mais empregos, inclus\u00e3o e justi\u00e7a social, igualdade de oportunidades para todos.\u201d<\/p>\n<p><strong>Acordos espec\u00edficos dos bancos p\u00fablicos<\/strong><\/p>\n<p>Na sequ\u00eancia da assinatura com a Fenaban, os banc\u00e1rios tamb\u00e9m assinaram os acordos espec\u00edficos dos bancos p\u00fablicos. \u201cParab\u00e9ns \u00e0s comiss\u00f5es de empresa por esse acordo. Os banc\u00e1rios de bancos p\u00fablicos ser\u00e3o os \u00fanicos funcion\u00e1rios p\u00fablicos a terem aumento real\u201d, comemorou Juvandia.<\/p>\n<p>Wagner Nascimento, coordenador da Comiss\u00e3o de Empresa do Banco do Brasil, disse que o importante \u00e9 que o acordo manteve todas as cl\u00e1usulas e n\u00e3o tirou direitos dos banc\u00e1rios. \u201cMostramos nossa disposi\u00e7\u00e3o de discutir assuntos pol\u00eamicos, mas sempre com foco em manter e ampliar direitos dos banc\u00e1rios. Criamos paradigma de negocia\u00e7\u00e3o.\u201d<\/p>\n<p>Dion\u00edsio Reis, coordenador da Comiss\u00e3o Executiva dos Empregados da Caixa, ressaltou que a hist\u00f3ria de luta e conquista dos empregados prevaleceu na defesa da Caixa 100% p\u00fablica. \u201cNa manuten\u00e7\u00e3o do Sa\u00fade Caixa e da PLR Social, no fim do descomissionamentos de gestante e a manuten\u00e7\u00e3o do direitos, a luta continuar\u00e1 por melhores condi\u00e7\u00f5es de trabalho e contra a privatiza\u00e7\u00e3o.\u201d<\/p>\n<\/div>\n<p id=\"page-author\"><span style=\"text-decoration: underline;\"><em><strong>Fonte: Contraf-CUT<\/strong><\/em><\/span><\/p>\n","protected":false},"excerpt":{"rendered":"<p>Reposi\u00e7\u00e3o total da infla\u00e7\u00e3o e aumento real garantidos, assim como todos os direitos previstos pela Conven\u00e7\u00e3o Coletiva de Trabalho para os pr\u00f3ximos dois anos. Os sindicatos representantes de banc\u00e1rios de institui\u00e7\u00f5es p\u00fablicas e privadas assinaram nesta sexta-feira (31), com a Federa\u00e7\u00e3o Nacional dos Bancos (Fenaban), a Conven\u00e7\u00e3o Coletivo de Trabalho (CCT) 2018\/2020 e os acordos [&hellip;]<\/p>\n","protected":false},"author":2,"featured_media":5188,"comment_status":"","ping_status":"","sticky":false,"template":"","format":"standard","meta":{"footnotes":""},"categories":[8],"tags":[],"class_list":["post-5189","post","type-post","status-publish","format-standard","has-post-thumbnail","hentry","category-bancarios"],"_links":{"self":[{"href":"https:\/\/hostnetart.com.br\/baixada\/wp-json\/wp\/v2\/posts\/5189","targetHints":{"allow":["GET"]}}],"collection":[{"href":"https:\/\/hostnetart.com.br\/baixada\/wp-json\/wp\/v2\/posts"}],"about":[{"href":"https:\/\/hostnetart.com.br\/baixada\/wp-json\/wp\/v2\/types\/post"}],"author":[{"embeddable":true,"href":"https:\/\/hostnetart.com.br\/baixada\/wp-json\/wp\/v2\/users\/2"}],"replies":[{"embeddable":true,"href":"https:\/\/hostnetart.com.br\/baixada\/wp-json\/wp\/v2\/comments?post=5189"}],"version-history":[{"count":0,"href":"https:\/\/hostnetart.com.br\/baixada\/wp-json\/wp\/v2\/posts\/5189\/revisions"}],"wp:featuredmedia":[{"embeddable":true,"href":"https:\/\/hostnetart.com.br\/baixada\/wp-json\/wp\/v2\/media\/5188"}],"wp:attachment":[{"href":"https:\/\/hostnetart.com.br\/baixada\/wp-json\/wp\/v2\/media?parent=5189"}],"wp:term":[{"taxonomy":"category","embeddable":true,"href":"https:\/\/hostnetart.com.br\/baixada\/wp-json\/wp\/v2\/categories?post=5189"},{"taxonomy":"post_tag","embeddable":true,"href":"https:\/\/hostnetart.com.br\/baixada\/wp-json\/wp\/v2\/tags?post=5189"}],"curies":[{"name":"wp","href":"https:\/\/api.w.org\/{rel}","templated":true}]}}