{"id":5187,"date":"2018-09-03T03:41:09","date_gmt":"2018-09-03T06:41:09","guid":{"rendered":"https:\/\/hostnetart.com.br\/baixada\/bancarios-do-santander-conquistam-renovacao-do-act\/"},"modified":"2018-09-03T03:41:09","modified_gmt":"2018-09-03T06:41:09","slug":"bancarios-do-santander-conquistam-renovacao-do-act","status":"publish","type":"post","link":"https:\/\/hostnetart.com.br\/baixada\/bancarios-do-santander-conquistam-renovacao-do-act\/","title":{"rendered":"Banc\u00e1rios do Santander conquistam renova\u00e7\u00e3o do ACT"},"content":{"rendered":"<div class=\"content\">\n<p>Os banc\u00e1rios do Santander conquistaram a renova\u00e7\u00e3o do Acordo Coletivo de Trabalho (ACT) aditivo \u00e0 Conven\u00e7\u00e3o Coletiva de Trabalho (CCT) 2018\/2020, nesta sexta-feira (31), em S\u00e3o Paulo. A reuni\u00e3o entre a Comiss\u00e3o de Organiza\u00e7\u00e3o dos Empregados (COE) do Santander e representantes do Banco garantiu a manuten\u00e7\u00e3o do ACT passado, bem como a melhora de algumas cl\u00e1usulas.<\/p>\n<p>Clique <a href=\"http:\/\/www.contrafcut.org.br\/fotos\/reuniao-de-negociacao-do-act-santander-b7f1\">aqui<\/a> para ver a galerias de fotos da reuni\u00e3o.<\/p>\n<p>Vale destacar a cl\u00e1usula chamada de Afastamento e Alta da Previd\u00eancia Social, que trata do adiantamento emergencial ao trabalhador que recebe avalia\u00e7\u00e3o como inapto ao trabalho pelo m\u00e9dico do Banco, enquanto aguarda a realiza\u00e7\u00e3o de nova per\u00edcia no INSS. Se o INSS n\u00e3o conceder o benef\u00edcio, o trabalhador n\u00e3o sofrer\u00e1 o desconto deste adiantamento<\/p>\n<p>O ACT ainda mant\u00e9m cl\u00e1usulas importantes como as que tratam das Bolsas Aux\u00edlio Estudo para a primeira gradua\u00e7\u00e3o e primeira p\u00f3s-gradua\u00e7\u00e3o, licen\u00e7a n\u00e3o remunerada de 30 dias para acompanhamento de casos de sa\u00fade, Licen\u00e7a ado\u00e7\u00e3o entre outras.<\/p>\n<p>Foram mantidos tamb\u00e9m o Comit\u00ea de Rela\u00e7\u00f5es Trabalhistas (CRT) e o F\u00f3rum de Sa\u00fade, reuni\u00f5es permanentes com o Banco para discutir os problemas da categoria. Foi compromissado inclusive que a primeira reuni\u00e3o do Forum de Sa\u00fade ser\u00e1 ainda em setembro.<\/p>\n<p>O Banco assinou um acordo de atual prorroga\u00e7\u00e3o do ACT 2016\/2018, que vence nesta sexta-feira (31), at\u00e9 o dia 13\/08, uma vez que j\u00e1 n\u00e3o h\u00e1 o instituto da ultratividade.<\/p>\n<p>A Contraf-CUT orienta a aprova\u00e7\u00e3o do ACT em assembleias que dever\u00e3o se realizadas at\u00e9 o dia 11\/09. \u201cNesta conjuntura de extrema dificuldade, com ataques aos direitos dos trabalhadores, consideramos uma conquista a renova\u00e7\u00e3o do acordo, que foi fruto da organiza\u00e7\u00e3o e unidade dos sindicatos e trabalhadores do Santander, demonstradas em diversas manifesta\u00e7\u00f5es ocorridas durante o processo em Centos administrativos, Call Centers e ag\u00eancias por todo o Pa\u00eds\u201d, afirmou Mario Raia, Secret\u00e1rio de Assuntos S\u00f3cio-Econ\u00f4micos da Contraf-CUT e funcion\u00e1rio do Santander.<\/p>\n<p><strong>PPRS<\/strong><\/p>\n<p>Foi discutido tamb\u00e9m o acordo de Programa de Participa\u00e7\u00e3o nos Resultados Santander (PPRS) que garantiu, a t\u00edtulo de remunera\u00e7\u00e3o vari\u00e1vel, o valor m\u00ednimo de R$ 2.550,00 a todos os trabalhadores indistintamente a ser pago junto com a segunda parcela da PLR. O aumento para esse valor foi tamb\u00e9m uma grande conquista da categoria, pois inicialmente o Banco queria apenas aplicar o reajuste oferecido pela Fenaban.<\/p>\n<p><strong>CABESP E BANESPREV<\/strong><\/p>\n<p>Foram renovados os Termos de Compromisso Cabesp e Banesprev, assinados desde quando o Santander comprou o BANESPA, mas cujo o tempo de validade inicialmente era de apenas 60 meses para o Banesprev E 18 meses para a Cabesp.<\/p>\n<p>\u201cN\u00f3s conquistamos o compromisso do banco de manter di\u00e1logo aberto, transparente e construtivo, priorizando o CRT, como meio permanente, na vig\u00eancia do ACT, no que se refere ao estabelecimento de novas condi\u00e7\u00f5es de trabalho, bem como, nas eventuais altera\u00e7\u00f5es de pr\u00e1ticas j\u00e1 existentes, a privilegiar o CRT como instrumento colegiado de di\u00e1logo para minimizar poss\u00edveis conflitos\u201d, comemorou Maria Rosani, coordenadora do COE Santander.<\/p>\n<\/div>\n<p id=\"page-author\"><span style=\"text-decoration: underline;\"><em><strong>Fonte: Contraf-CUT<\/strong><\/em><\/span><\/p>\n","protected":false},"excerpt":{"rendered":"<p>Os banc\u00e1rios do Santander conquistaram a renova\u00e7\u00e3o do Acordo Coletivo de Trabalho (ACT) aditivo \u00e0 Conven\u00e7\u00e3o Coletiva de Trabalho (CCT) 2018\/2020, nesta sexta-feira (31), em S\u00e3o Paulo. A reuni\u00e3o entre a Comiss\u00e3o de Organiza\u00e7\u00e3o dos Empregados (COE) do Santander e representantes do Banco garantiu a manuten\u00e7\u00e3o do ACT passado, bem como a melhora de algumas [&hellip;]<\/p>\n","protected":false},"author":2,"featured_media":5186,"comment_status":"","ping_status":"","sticky":false,"template":"","format":"standard","meta":{"footnotes":""},"categories":[3],"tags":[],"class_list":["post-5187","post","type-post","status-publish","format-standard","has-post-thumbnail","hentry","category-noticias"],"_links":{"self":[{"href":"https:\/\/hostnetart.com.br\/baixada\/wp-json\/wp\/v2\/posts\/5187","targetHints":{"allow":["GET"]}}],"collection":[{"href":"https:\/\/hostnetart.com.br\/baixada\/wp-json\/wp\/v2\/posts"}],"about":[{"href":"https:\/\/hostnetart.com.br\/baixada\/wp-json\/wp\/v2\/types\/post"}],"author":[{"embeddable":true,"href":"https:\/\/hostnetart.com.br\/baixada\/wp-json\/wp\/v2\/users\/2"}],"replies":[{"embeddable":true,"href":"https:\/\/hostnetart.com.br\/baixada\/wp-json\/wp\/v2\/comments?post=5187"}],"version-history":[{"count":0,"href":"https:\/\/hostnetart.com.br\/baixada\/wp-json\/wp\/v2\/posts\/5187\/revisions"}],"wp:featuredmedia":[{"embeddable":true,"href":"https:\/\/hostnetart.com.br\/baixada\/wp-json\/wp\/v2\/media\/5186"}],"wp:attachment":[{"href":"https:\/\/hostnetart.com.br\/baixada\/wp-json\/wp\/v2\/media?parent=5187"}],"wp:term":[{"taxonomy":"category","embeddable":true,"href":"https:\/\/hostnetart.com.br\/baixada\/wp-json\/wp\/v2\/categories?post=5187"},{"taxonomy":"post_tag","embeddable":true,"href":"https:\/\/hostnetart.com.br\/baixada\/wp-json\/wp\/v2\/tags?post=5187"}],"curies":[{"name":"wp","href":"https:\/\/api.w.org\/{rel}","templated":true}]}}