{"id":5183,"date":"2018-08-31T15:19:45","date_gmt":"2018-08-31T18:19:45","guid":{"rendered":"https:\/\/hostnetart.com.br\/baixada\/campanha-continua-coe-do-santander-se-reune-hoje-com-o-banco\/"},"modified":"2018-08-31T15:19:45","modified_gmt":"2018-08-31T18:19:45","slug":"campanha-continua-coe-do-santander-se-reune-hoje-com-o-banco","status":"publish","type":"post","link":"https:\/\/hostnetart.com.br\/baixada\/campanha-continua-coe-do-santander-se-reune-hoje-com-o-banco\/","title":{"rendered":"Campanha continua. COE do Santander se re\u00fane hoje com o banco"},"content":{"rendered":"<div class=\"content\">\n<p>A Comiss\u00e3o de Organiza\u00e7\u00e3o dos Empregados (COE) do Santander se re\u00fane com o banco nesta tarde para tratar da renova\u00e7\u00e3o do Acordo Coletivo de Trabalho dos banc\u00e1rios do Santander, aditivo \u00e0 Conven\u00e7\u00e3o Coletiva de Trabalho (CCT) da categoria. A reuni\u00e3o acontecer\u00e1 em S\u00e3o Paulo, no Hotel Maksoud Plaza, logo ap\u00f3s a\u00a0<a href=\"http:\/\/www.contrafcut.org.br\/noticias\/bancarios-assinam-acordo-com-bancos-nesta-sexta-feira-2d8f\/\" target=\"_blank\" rel=\"noopener noreferrer\"><strong><ins>assinatura da CCT<\/ins><\/strong><\/a>, aprovada pelos sindicatos de todo o pa\u00eds em assembleias realizadas na quarta (29) e quinta-feira (30). A assinatura CCT est\u00e1 marcada para 14h, no mesmo local.<\/p>\n<p>Ainda pela manh\u00e3, a COE se reunir\u00e1 para tratar dos pontos que estar\u00e3o em pauta na reuni\u00e3o. Mais do que apenas renovar o ACT, a representa\u00e7\u00e3o dos trabalhadores busca estabelecer um valor m\u00ednimo para a ser pago no Programa de Participa\u00e7\u00e3o nos Resultados Santander (PPRS) para quem n\u00e3o exercem fun\u00e7\u00f5es que recebem b\u00f4nus nem remunera\u00e7\u00f5es vari\u00e1veis.<\/p>\n<p>Os trabalhadores tamb\u00e9m querem melhorar no ACT a cl\u00e1usula de adiantamento emergencial de sal\u00e1rio, direito j\u00e1 garantido aos trabalhadores afastados para tratamento de sa\u00fade que recebem alta pelo INSS, mas s\u00e3o considerados inaptos para o retorno ao trabalho pelo banco.<\/p>\n<p><strong>Cabesp e Banesprev<\/strong><br \/>Outro ponto a ser tratado \u00e9 a renova\u00e7\u00e3o do Termo de Compromisso para manuten\u00e7\u00e3o do Cabesp e do Banesprev, os planos de sa\u00fade e de previd\u00eancia dos empregados do Santander oriundos do antigo Banespa. A manuten\u00e7\u00e3o pelo Santander do Cabesp e do Banesprev fez parte da negocia\u00e7\u00e3o de privatiza\u00e7\u00e3o do antigo Banespa.<\/p>\n<p>\u00a0<\/p>\n<\/div>\n<p id=\"page-author\"><span style=\"text-decoration: underline;\"><em><strong>Fonte: Contraf-CUT<\/strong><\/em><\/span><\/p>\n","protected":false},"excerpt":{"rendered":"<p>A Comiss\u00e3o de Organiza\u00e7\u00e3o dos Empregados (COE) do Santander se re\u00fane com o banco nesta tarde para tratar da renova\u00e7\u00e3o do Acordo Coletivo de Trabalho dos banc\u00e1rios do Santander, aditivo \u00e0 Conven\u00e7\u00e3o Coletiva de Trabalho (CCT) da categoria. A reuni\u00e3o acontecer\u00e1 em S\u00e3o Paulo, no Hotel Maksoud Plaza, logo ap\u00f3s a\u00a0assinatura da CCT, aprovada pelos [&hellip;]<\/p>\n","protected":false},"author":2,"featured_media":5182,"comment_status":"","ping_status":"","sticky":false,"template":"","format":"standard","meta":{"footnotes":""},"categories":[3],"tags":[],"class_list":["post-5183","post","type-post","status-publish","format-standard","has-post-thumbnail","hentry","category-noticias"],"_links":{"self":[{"href":"https:\/\/hostnetart.com.br\/baixada\/wp-json\/wp\/v2\/posts\/5183","targetHints":{"allow":["GET"]}}],"collection":[{"href":"https:\/\/hostnetart.com.br\/baixada\/wp-json\/wp\/v2\/posts"}],"about":[{"href":"https:\/\/hostnetart.com.br\/baixada\/wp-json\/wp\/v2\/types\/post"}],"author":[{"embeddable":true,"href":"https:\/\/hostnetart.com.br\/baixada\/wp-json\/wp\/v2\/users\/2"}],"replies":[{"embeddable":true,"href":"https:\/\/hostnetart.com.br\/baixada\/wp-json\/wp\/v2\/comments?post=5183"}],"version-history":[{"count":0,"href":"https:\/\/hostnetart.com.br\/baixada\/wp-json\/wp\/v2\/posts\/5183\/revisions"}],"wp:featuredmedia":[{"embeddable":true,"href":"https:\/\/hostnetart.com.br\/baixada\/wp-json\/wp\/v2\/media\/5182"}],"wp:attachment":[{"href":"https:\/\/hostnetart.com.br\/baixada\/wp-json\/wp\/v2\/media?parent=5183"}],"wp:term":[{"taxonomy":"category","embeddable":true,"href":"https:\/\/hostnetart.com.br\/baixada\/wp-json\/wp\/v2\/categories?post=5183"},{"taxonomy":"post_tag","embeddable":true,"href":"https:\/\/hostnetart.com.br\/baixada\/wp-json\/wp\/v2\/tags?post=5183"}],"curies":[{"name":"wp","href":"https:\/\/api.w.org\/{rel}","templated":true}]}}