{"id":5175,"date":"2018-08-30T03:22:26","date_gmt":"2018-08-30T06:22:26","guid":{"rendered":"https:\/\/hostnetart.com.br\/baixada\/itau-pcr-sera-pago-dia-20\/"},"modified":"2018-08-30T03:22:26","modified_gmt":"2018-08-30T06:22:26","slug":"itau-pcr-sera-pago-dia-20","status":"publish","type":"post","link":"https:\/\/hostnetart.com.br\/baixada\/itau-pcr-sera-pago-dia-20\/","title":{"rendered":"Ita\u00fa: PCR ser\u00e1 pago dia 20"},"content":{"rendered":"<div class=\"field field-name-body field-type-text-with-summary field-label-hidden\">\n<div class=\"field-items\">\n<div class=\"field-item even\">\n<p>O Ita\u00fa pagar\u00e1 o PCR (Programa Complementar de Resultados), junto com primeira parcela da PLR, no dia 20 de setembro. O PCR \u00e9 uma conquista dos banc\u00e1rios do Ita\u00fa, em negocia\u00e7\u00e3o iniciada em 2003, com mais de 80.000 trabalhadores contemplados em todo o pa\u00eds.<\/p>\n<p>O valor do PCR ser\u00e1 reajustado pelo \u00edndice acordado com a Fenaban, 5% (reposi\u00e7\u00e3o da infla\u00e7\u00e3o mais 1,18% de aumento real), que resultar\u00e1 no valor de\u00a0R$ 2.716.<\/p>\n<p>O PCR que ser\u00e1 pago\u00a0no dia 20 \u00e9 resultado do acordo bianual espec\u00edfico para a verba, 2017\/2018, reajustado pelo \u00edndice conquistado na Campanha 2018. Os representantes dos trabalhadores cobram a renova\u00e7\u00e3o do acordo.<\/p>\n<p>O PCR tamb\u00e9m ser\u00e1 pago aos banc\u00e1rios oriundos do Citibank, que teve a \u00e1rea de varejo recentemente incorporada pelo Ita\u00fa, de forma integral.\u00a0<\/p>\n<\/div>\n<\/div>\n<\/div>\n","protected":false},"excerpt":{"rendered":"<p>O Ita\u00fa pagar\u00e1 o PCR (Programa Complementar de Resultados), junto com primeira parcela da PLR, no dia 20 de setembro. O PCR \u00e9 uma conquista dos banc\u00e1rios do Ita\u00fa, em negocia\u00e7\u00e3o iniciada em 2003, com mais de 80.000 trabalhadores contemplados em todo o pa\u00eds. O valor do PCR ser\u00e1 reajustado pelo \u00edndice acordado com a [&hellip;]<\/p>\n","protected":false},"author":2,"featured_media":5174,"comment_status":"","ping_status":"","sticky":false,"template":"","format":"standard","meta":{"footnotes":""},"categories":[3],"tags":[],"class_list":["post-5175","post","type-post","status-publish","format-standard","has-post-thumbnail","hentry","category-noticias"],"_links":{"self":[{"href":"https:\/\/hostnetart.com.br\/baixada\/wp-json\/wp\/v2\/posts\/5175","targetHints":{"allow":["GET"]}}],"collection":[{"href":"https:\/\/hostnetart.com.br\/baixada\/wp-json\/wp\/v2\/posts"}],"about":[{"href":"https:\/\/hostnetart.com.br\/baixada\/wp-json\/wp\/v2\/types\/post"}],"author":[{"embeddable":true,"href":"https:\/\/hostnetart.com.br\/baixada\/wp-json\/wp\/v2\/users\/2"}],"replies":[{"embeddable":true,"href":"https:\/\/hostnetart.com.br\/baixada\/wp-json\/wp\/v2\/comments?post=5175"}],"version-history":[{"count":0,"href":"https:\/\/hostnetart.com.br\/baixada\/wp-json\/wp\/v2\/posts\/5175\/revisions"}],"wp:featuredmedia":[{"embeddable":true,"href":"https:\/\/hostnetart.com.br\/baixada\/wp-json\/wp\/v2\/media\/5174"}],"wp:attachment":[{"href":"https:\/\/hostnetart.com.br\/baixada\/wp-json\/wp\/v2\/media?parent=5175"}],"wp:term":[{"taxonomy":"category","embeddable":true,"href":"https:\/\/hostnetart.com.br\/baixada\/wp-json\/wp\/v2\/categories?post=5175"},{"taxonomy":"post_tag","embeddable":true,"href":"https:\/\/hostnetart.com.br\/baixada\/wp-json\/wp\/v2\/tags?post=5175"}],"curies":[{"name":"wp","href":"https:\/\/api.w.org\/{rel}","templated":true}]}}