{"id":5167,"date":"2018-08-29T13:13:48","date_gmt":"2018-08-29T16:13:48","guid":{"rendered":"https:\/\/hostnetart.com.br\/baixada\/trabalhadores-criticam-novas-regras-dos-planos-de-saude-de-estatais-federais\/"},"modified":"2018-08-29T13:13:48","modified_gmt":"2018-08-29T16:13:48","slug":"trabalhadores-criticam-novas-regras-dos-planos-de-saude-de-estatais-federais","status":"publish","type":"post","link":"https:\/\/hostnetart.com.br\/baixada\/trabalhadores-criticam-novas-regras-dos-planos-de-saude-de-estatais-federais\/","title":{"rendered":"Trabalhadores criticam novas regras dos planos de sa\u00fade de estatais federais"},"content":{"rendered":"<div class=\"content\">\n<p>Trabalhadores de empresas federais, como Caixa, Correios e Petrobras, criticaram nesta ter\u00e7a-feira (28), em audi\u00eancia p\u00fablica na C\u00e2mara dos Deputados, duas resolu\u00e7\u00f5es (22\/18 e 23\/18) do Minist\u00e9rio do Planejamento, Desenvolvimento e Gest\u00e3o que criam novas regras para o custeio de planos de sa\u00fade de autogest\u00e3o por todas as estatais federais.<\/p>\n<p>Al\u00e9m de reduzir a participa\u00e7\u00e3o dessas empresas no custeio dos planos de autogest\u00e3o \u2013 geridos por elas mesmas \u2013, as resolu\u00e7\u00f5es, segundo os trabalhadores, desrespeitam o direito \u00e0 livre negocia\u00e7\u00e3o e t\u00eam como foco a privatiza\u00e7\u00e3o dos conv\u00eanios dos empregados p\u00fablicos. Os planos de autogest\u00e3o atendem 4,7 milh\u00f5es de usu\u00e1rios no Pa\u00eds, dos quais 3 milh\u00f5es s\u00e3o empregados de estatais.<\/p>\n<p>Representante do Comit\u00ea Nacional em Defesa das Empresas P\u00fablicas, a banc\u00e1ria Maria Rita Serrano disse que as resolu\u00e7\u00f5es s\u00e3o \u201cum ataque aos brasileiros e \u00e0s condi\u00e7\u00f5es de vida das pessoas, n\u00e3o s\u00f3 de trabalhadores\u201d, e, de acordo com ela, somam-se a outras limita\u00e7\u00f5es impostas \u00e0 sa\u00fade, como a Emenda Constitucional 95\/16, que estabelece um teto para os gastos p\u00fablicos federais.<\/p>\n<p>Para Serrano, as resolu\u00e7\u00f5es pretendem favorecer planos de sa\u00fade privados e diminuir os custos do governo federal com planos de autogest\u00e3o. \u201cA medida \u00e9 privatista. Em empresas com at\u00e9 20 mil benefici\u00e1rios, a orienta\u00e7\u00e3o \u00e9 privatizar os planos \u201d, apontou.<\/p>\n<p>A deputada Erika Kokay (PT-DF), que prop\u00f4s o debate na Comiss\u00e3o de Trabalho, de Administra\u00e7\u00e3o e Servi\u00e7o P\u00fablico, disse que as resolu\u00e7\u00f5es ferem direitos adquiridos e interferem no direito das categorias \u00e0 livre negocia\u00e7\u00e3o coletiva. \u201cApresentamos proposta para sustar os efeitos desses documentos, que consideramos abusivos e ilegais\u201d, declarou Kokay, autora do Projeto de Decreto Legislativo (PDC) 956\/18.<\/p>\n<p>Para Wagner Nascimento, coordenador da Comiss\u00e3o de Empresa dos Funcion\u00e1rios do BB, que representou a Contraf-CUT na audi\u00eancia, iniciativas como essa s\u00e3o essenciais para barrar a arbitrariedade da CGPAR sobre os planos de sa\u00fade das empresas estatais, privatizando a sa\u00fade e aumentando custos aos trabalhadores. \u201cA derrubada dessas resolu\u00e7\u00f5es \u00e9 necess\u00e1ria para reestabelecer a preval\u00eancia das negocia\u00e7\u00f5es coletivas entre trabalhadores e as empresas, e n\u00e3o a imposi\u00e7\u00e3o de retirada de direitos.\u201d<\/p>\n<p><strong>Participa\u00e7\u00f5es<\/strong><\/p>\n<p>Diretora da Federa\u00e7\u00e3o Nacional das Associa\u00e7\u00f5es de Pessoal da Caixa, Fabiana Cristina Matheus afirmou que as resolu\u00e7\u00f5es praticamente inviabilizam o Sa\u00fade Caixa &#8211; plano que o banco oferece a 288,587 mil trabalhadores. \u201cA Caixa j\u00e1 inseriu no seu estatuto um teto para gastos com assist\u00eancia \u00e0 sa\u00fade de 6,5% da folha de pagamentos. Com isso, despesas m\u00e9dicas que ultrapassem o teto ser\u00e3o custeadas pelos trabalhadores\u201d, explicou.<\/p>\n<p>A resolu\u00e7\u00e3o 23\/18, no entanto, vai al\u00e9m e determina que a contribui\u00e7\u00e3o da empresa estatal para o custeio do benef\u00edcio de assist\u00eancia \u00e0 sa\u00fade n\u00e3o poder\u00e1 exceder a contribui\u00e7\u00e3o dos empregados. Conforme Fabiana Matheus, o acordo coletivo vigente estabelece que 70% das despesas assistenciais do Sa\u00fade Caixa devem ser de responsabilidade da Caixa e 30% dos empregados.<\/p>\n<p>\u201cO Planalto quer impor, de forma absurda, essa paridade\u201d, comentou o deputado Tadeu Alencar (PSB-PE), que tamb\u00e9m criticou as resolu\u00e7\u00f5es e defendeu a aprova\u00e7\u00e3o do PDC 956\/18.<\/p>\n<p><strong>Mensalidades<\/strong><\/p>\n<p>Geraldo Rodrigues, que representante da Federa\u00e7\u00e3o Nacional dos Trabalhadores em Empresas de Correios e Tel\u00e9grafos e Similares (Fentect), criticou altera\u00e7\u00f5es no valor das contribui\u00e7\u00f5es. \u201cN\u00f3s passamos a pagar mensalidades conforme o sal\u00e1rio bruto. Ou seja, se eu fizer hora-extra, pago mais. Por isso, muitos est\u00e3o desistindo de pagar plano de sa\u00fade\u201d, destacou. Desde janeiro, as mensalidades dos planos de autogest\u00e3o passaram a ser cobradas por pessoa e segundo a faixa et\u00e1ria. Antes, a mensalidade era \u00fanica.<\/p>\n<p>Procurador do Trabalho da 21\u00aa Regi\u00e3o, Afonso Rocha informou que o Minist\u00e9rio P\u00fablico do Trabalho (MPT) j\u00e1 foi acionado por conta de questionamentos das categorias. De acordo com ele, a atua\u00e7\u00e3o do MPT ter\u00e1 como princ\u00edpios zelar pelos direitos e garantias dos trabalhadores e defender a livre negocia\u00e7\u00e3o coletiva. Pinheiro chamou aten\u00e7\u00e3o ainda para os impactos do enfraquecimento dos planos de autogest\u00e3o no sistema p\u00fablico de sa\u00fade do Pa\u00eds.<\/p>\n<p>Nenhum debatedor presente \u00e0 audi\u00eancia manifestou-se favoravelmente \u00e0s resolu\u00e7\u00f5es do Minist\u00e9rio do Planejamento.<\/p>\n<\/div>\n<p id=\"page-author\"><span style=\"text-decoration: underline;\"><em><strong>Fonte: Contraf-CUT, com ag\u00eancias<\/strong><\/em><\/span><\/p>\n","protected":false},"excerpt":{"rendered":"<p>Trabalhadores de empresas federais, como Caixa, Correios e Petrobras, criticaram nesta ter\u00e7a-feira (28), em audi\u00eancia p\u00fablica na C\u00e2mara dos Deputados, duas resolu\u00e7\u00f5es (22\/18 e 23\/18) do Minist\u00e9rio do Planejamento, Desenvolvimento e Gest\u00e3o que criam novas regras para o custeio de planos de sa\u00fade de autogest\u00e3o por todas as estatais federais. Al\u00e9m de reduzir a participa\u00e7\u00e3o [&hellip;]<\/p>\n","protected":false},"author":2,"featured_media":5166,"comment_status":"","ping_status":"","sticky":false,"template":"","format":"standard","meta":{"footnotes":""},"categories":[3],"tags":[],"class_list":["post-5167","post","type-post","status-publish","format-standard","has-post-thumbnail","hentry","category-noticias"],"_links":{"self":[{"href":"https:\/\/hostnetart.com.br\/baixada\/wp-json\/wp\/v2\/posts\/5167","targetHints":{"allow":["GET"]}}],"collection":[{"href":"https:\/\/hostnetart.com.br\/baixada\/wp-json\/wp\/v2\/posts"}],"about":[{"href":"https:\/\/hostnetart.com.br\/baixada\/wp-json\/wp\/v2\/types\/post"}],"author":[{"embeddable":true,"href":"https:\/\/hostnetart.com.br\/baixada\/wp-json\/wp\/v2\/users\/2"}],"replies":[{"embeddable":true,"href":"https:\/\/hostnetart.com.br\/baixada\/wp-json\/wp\/v2\/comments?post=5167"}],"version-history":[{"count":0,"href":"https:\/\/hostnetart.com.br\/baixada\/wp-json\/wp\/v2\/posts\/5167\/revisions"}],"wp:featuredmedia":[{"embeddable":true,"href":"https:\/\/hostnetart.com.br\/baixada\/wp-json\/wp\/v2\/media\/5166"}],"wp:attachment":[{"href":"https:\/\/hostnetart.com.br\/baixada\/wp-json\/wp\/v2\/media?parent=5167"}],"wp:term":[{"taxonomy":"category","embeddable":true,"href":"https:\/\/hostnetart.com.br\/baixada\/wp-json\/wp\/v2\/categories?post=5167"},{"taxonomy":"post_tag","embeddable":true,"href":"https:\/\/hostnetart.com.br\/baixada\/wp-json\/wp\/v2\/tags?post=5167"}],"curies":[{"name":"wp","href":"https:\/\/api.w.org\/{rel}","templated":true}]}}