{"id":5165,"date":"2018-08-29T13:12:47","date_gmt":"2018-08-29T16:12:47","guid":{"rendered":"https:\/\/hostnetart.com.br\/baixada\/cut-completa-35-anos-em-meio-a-maior-luta-da-sua-historia\/"},"modified":"2018-08-29T13:12:47","modified_gmt":"2018-08-29T16:12:47","slug":"cut-completa-35-anos-em-meio-a-maior-luta-da-sua-historia","status":"publish","type":"post","link":"https:\/\/hostnetart.com.br\/baixada\/cut-completa-35-anos-em-meio-a-maior-luta-da-sua-historia\/","title":{"rendered":"CUT completa 35 anos em meio \u00e0 maior luta da sua hist\u00f3ria"},"content":{"rendered":"<div class=\"content\">\n<p>28 de agosto de 1983. Ditadura militar no Brasil. O pa\u00eds estava mergulhado numa crise econ\u00f4mica e pol\u00edtica. A infla\u00e7\u00e3o batia 150% ao ano, a d\u00edvida externa chegava a US$ 100 bilh\u00f5es, o desemprego e a fome cresciam e os sal\u00e1rios ficavam cada vez mais arrochados.<\/p>\n<p>Foi nesse contexto que mais de cinco mil trabalhadores e trabalhadoras de todo o Brasil, reunidos no galp\u00e3o da extinta companhia cinematogr\u00e1fica Vera Cruz, em S\u00e3o Bernardo do Campo, no ABC paulista, baseados em princ\u00edpios de igualdade e solidariedade, fundaram a Central \u00danica dos Trabalhadores (CUT), atualmente maior central sindical do pa\u00eds e da Am\u00e9rica Latina e a quinta maior do mundo.<\/p>\n<p>CEDOC\/CUT<a href=\"https:\/\/admin.cut.org.br\/system\/uploads\/ck\/CUT_Brasil\/funca%C3%A7%C3%A3o_CUT_conclat_cedoc.jpg\" target=\"_blank\" rel=\"noopener noreferrer\"><img decoding=\"async\" style=\"height: 931px; width: 1280px;\" src=\"https:\/\/www.cut.org.br\/images\/cache\/systemuploadsckcut-brasilfuncac3a-1280x931xfit-60871.jpg\" alt=\"Cedoc\/CUT\" \/><\/a><\/p>\n<p>1\u00b0 Congresso Nacional da Classe Trabalhadora, em S\u00e3o Bernardo do Campo<\/p>\n<p>O plano de lutas aprovado pela CUT, no 1\u00ba Conclat &#8211; Congresso Nacional da Classe Trabalhadora -, exigia o fim da Lei de Seguran\u00e7a Nacional e do Regime Militar, o combate \u00e0 pol\u00edtica econ\u00f4mica do governo, o fim do desemprego, a defesa da reforma agr\u00e1ria constru\u00edda pelos trabalhadores, reajustes trimestrais dos sal\u00e1rios e liberdade e autonomia sindical.<\/p>\n<p>Nesta ter\u00e7a-feira (28), 35 anos depois, a CUT enfrenta mais uma vez, desde 2016, um per\u00edodo de Estado de Exce\u00e7\u00e3o e luta contra um golpe que retirou do governo uma presidenta legitimamente eleita, Dilma Rousseff, e mant\u00e9m h\u00e1 mais de quatro meses como preso pol\u00edtico a maior lideran\u00e7a popular do pa\u00eds, Luiz In\u00e1cio Lula da Silva.<\/p>\n<p>\u201cNascemos do enfrentamento que ajudou a derrubar a ditadura militar e deu in\u00edcio \u00e0 redemocratiza\u00e7\u00e3o deste pa\u00eds. Constru\u00edmos tanto, que o atual golpe, em vez de destruir, fortaleceu ainda mais a Central \u00danica dos Trabalhadores, que est\u00e1 \u00e0 frente de todos os enfrentamentos contra os ataques aos direitos sociais e trabalhistas\u201d, diz o presidente CUT, Vagner Freitas.<\/p>\n<p>Com 3.980 entidades filiadas, 7,9 milh\u00f5es de trabalhadores e trabalhadoras associados e 25,8 milh\u00f5es em toda a base, \u201ca CUT segue sendo important\u00edssima para o Brasil, porque \u00e9 uma institui\u00e7\u00e3o nascida da luta em defesa da democracia, e n\u00e3o h\u00e1 democracia sem a CUT e seus sindicatos, garantindo que a voz da classe trabalhadora seja ouvida e respeitada\u201d, diz\u00a0 Vagner, que ressalta: \u201ca CUT nunca deixar\u00e1 de fazer a defesa da classe trabalhadora, nosso compromisso hist\u00f3rico desde a funda\u00e7\u00e3o\u201d.<\/p>\n<p>\u201cApesar de tudo o que os golpistas v\u00eam fazendo desde 2016 para acabar com a estrutura e a organiza\u00e7\u00e3o sindical desse pa\u00eds, eles n\u00e3o conseguiram e n\u00e3o conseguir\u00e3o calar as nossas vozes, impedir a nossa luta\u201d, afirma o presidente da CUT.<\/p>\n<p>Segundo ele, o povo brasileiro e a comunidade internacional s\u00e3o testemunhas da capacidade de organiza\u00e7\u00e3o, mobiliza\u00e7\u00e3o e resist\u00eancia da CUT e dos seus sindicatos, tanto antes quanto depois do golpe.<\/p>\n<p>\u201cA CUT sempre esteve nas ruas. Lutamos contra a ditadura, contra a carestia e contra o golpe, que a m\u00eddia chamou erradamente de impeachment. N\u00e3o foi impeachment porque n\u00e3o foi comprovado crime de responsabilidade\u201d, pontua Vagner.<\/p>\n<p>\u201cE, nas ruas, constru\u00edmos a maior greve geral da hist\u00f3ria deste pa\u00eds contra a reforma da Previd\u00eancia\u201d, destacou Vagner, se referindo ao dia 28 de abril de 2017, quando uma greve geral convocada pela CUT e demais centrais paralisou o pa\u00eds e mobilizou 48 milh\u00f5es de trabalhadores e trabalhadoras.<\/p>\n<p>AG\u00caNCIA PT\/CUT-DF\/ROBERTO PARIZZOTTI\/CONVERSA AFIADA\/UGIRM<a href=\"https:\/\/admin.cut.org.br\/system\/uploads\/ck\/CUT_Brasil\/greve_geral_cidades_paradas.jpg\" target=\"_blank\" rel=\"noopener noreferrer\"><img decoding=\"async\" style=\"height: 971px; width: 1774px;\" src=\"https:\/\/www.cut.org.br\/images\/cache\/systemuploadsckcut-brasilgreve-gera-1774x971xfit-83342.jpg\" alt=\"Ag\u00eancia PT\/CUT-DF\/Roberto Parizzotti\/Conversa Afiada\/UGIRM\" \/><\/a><\/p>\n<p>Diversas cidades amanheceram sem nenhuma movimenta\u00e7\u00e3o no dia 28 de abril de 2017.\u00a0<a href=\"https:\/\/www.cut.org.br\/noticias\/o-trabalhador-nao-foi-trabalhar-fotos-comprovam-adesao-a-greve-205b\">O Brasil parou<\/a><\/p>\n<p>\u201cNas ruas e nos locais de trabalho\u201d, prossegue o dirigente, \u201ccombatemos as reformas e medidas recessivas que retiraram direitos da classe trabalhadora. Nas ruas, defendemos as empresas e bancos p\u00fablicos, denunciamos o desmanche dos programas sociais. Nas ruas lutamos, e continuaremos lutando, contra todo tipo de injusti\u00e7a. Nas ruas, defenderemos o direito de um oper\u00e1rio disputar a Presid\u00eancia da Rep\u00fablica\u201d.<\/p>\n<p><strong>Elei\u00e7\u00f5es 2018 e a defesa da democracia<\/strong><\/p>\n<p>Para o presidente da CUT, o dia 7 de outubro, primeiro turno das elei\u00e7\u00f5es de 2018, \u00e9 mais um dia importante para a classe trabalhadora ocupar as ruas e escrever mais um cap\u00edtulo da hist\u00f3ria do Brasil. \u201c\u00c9 o momento de estarmos nas ruas defendendo a democracia nesta que ser\u00e1 a elei\u00e7\u00e3o das nossas vidas\u201d.<\/p>\n<p>\u201c\u00c9 a oportunidade que teremos de recuperar a legalidade democr\u00e1tica do pa\u00eds e eleger Lula, o melhor presidente da hist\u00f3ria do pa\u00eds, segundo o povo brasileiro\u201d.<\/p>\n<\/div>\n<p id=\"page-author\"><span style=\"text-decoration: underline;\"><em><strong>Fonte: CUT<\/strong><\/em><\/span><\/p>\n","protected":false},"excerpt":{"rendered":"<p>28 de agosto de 1983. Ditadura militar no Brasil. O pa\u00eds estava mergulhado numa crise econ\u00f4mica e pol\u00edtica. A infla\u00e7\u00e3o batia 150% ao ano, a d\u00edvida externa chegava a US$ 100 bilh\u00f5es, o desemprego e a fome cresciam e os sal\u00e1rios ficavam cada vez mais arrochados. Foi nesse contexto que mais de cinco mil trabalhadores [&hellip;]<\/p>\n","protected":false},"author":2,"featured_media":5164,"comment_status":"","ping_status":"","sticky":false,"template":"","format":"standard","meta":{"footnotes":""},"categories":[3],"tags":[],"class_list":["post-5165","post","type-post","status-publish","format-standard","has-post-thumbnail","hentry","category-noticias"],"_links":{"self":[{"href":"https:\/\/hostnetart.com.br\/baixada\/wp-json\/wp\/v2\/posts\/5165","targetHints":{"allow":["GET"]}}],"collection":[{"href":"https:\/\/hostnetart.com.br\/baixada\/wp-json\/wp\/v2\/posts"}],"about":[{"href":"https:\/\/hostnetart.com.br\/baixada\/wp-json\/wp\/v2\/types\/post"}],"author":[{"embeddable":true,"href":"https:\/\/hostnetart.com.br\/baixada\/wp-json\/wp\/v2\/users\/2"}],"replies":[{"embeddable":true,"href":"https:\/\/hostnetart.com.br\/baixada\/wp-json\/wp\/v2\/comments?post=5165"}],"version-history":[{"count":0,"href":"https:\/\/hostnetart.com.br\/baixada\/wp-json\/wp\/v2\/posts\/5165\/revisions"}],"wp:featuredmedia":[{"embeddable":true,"href":"https:\/\/hostnetart.com.br\/baixada\/wp-json\/wp\/v2\/media\/5164"}],"wp:attachment":[{"href":"https:\/\/hostnetart.com.br\/baixada\/wp-json\/wp\/v2\/media?parent=5165"}],"wp:term":[{"taxonomy":"category","embeddable":true,"href":"https:\/\/hostnetart.com.br\/baixada\/wp-json\/wp\/v2\/categories?post=5165"},{"taxonomy":"post_tag","embeddable":true,"href":"https:\/\/hostnetart.com.br\/baixada\/wp-json\/wp\/v2\/tags?post=5165"}],"curies":[{"name":"wp","href":"https:\/\/api.w.org\/{rel}","templated":true}]}}