{"id":5161,"date":"2018-08-28T17:15:40","date_gmt":"2018-08-28T20:15:40","guid":{"rendered":"https:\/\/hostnetart.com.br\/baixada\/boletins-explicam-propostas-dos-bancos\/"},"modified":"2018-08-28T17:15:40","modified_gmt":"2018-08-28T20:15:40","slug":"boletins-explicam-propostas-dos-bancos","status":"publish","type":"post","link":"https:\/\/hostnetart.com.br\/baixada\/boletins-explicam-propostas-dos-bancos\/","title":{"rendered":"Boletins explicam propostas dos bancos"},"content":{"rendered":"<div class=\"content\">\n<p>O final de semana foi de intensas negocia\u00e7\u00f5es entre o Comando Nacional dos Banc\u00e1rios e a Federa\u00e7\u00e3o Nacional dos Bancos (Fenaban). Depois de 10 rodadas de negocia\u00e7\u00e3o, na noite de s\u00e1bado (25) os bancos apresentaram uma proposta de acordo na mesa \u00fanica de negocia\u00e7\u00f5es que prev\u00ea aumento real e manuten\u00e7\u00e3o de todas as cl\u00e1usulas da Conven\u00e7\u00e3o Coletiva de Trabalho (CCT), garantindo a unidade nacional da categoria. As negocia\u00e7\u00f5es prosseguiram durante a madrugada com negocia\u00e7\u00f5es espec\u00edficas da Caixa Econ\u00f4mica Federal e do Banco do Brasil.<\/p>\n<p>A Confedera\u00e7\u00e3o Nacional dos Trabalhadores do Ramo Financeiro (Contraf-CUT) elaborou tr\u00eas boletins explicando as propostas, tanto a da mesa \u00fanica quanto as da Caixa e do BB. Os materiais foram enviados a todos os sindicatos e federa\u00e7\u00f5es que comp\u00f5em o Comando Nacional e est\u00e3o dispon\u00edveis na \u00e1rea de <strong><a href=\"http:\/\/www.contrafcut.org.br\/publicacoes\">publica\u00e7\u00f5es<\/a><\/strong> de nosso site. Os arquivos abertos est\u00e3o na \u00e1rea restrita.<\/p>\n<p><strong>Leia tamb\u00e9m:<\/strong><br \/> \u00a0\u00a0\u00a0\u00a0 <strong>&gt;<\/strong> <ins><em><a href=\"http:\/\/www.contrafcut.org.br\/noticias\/proposta-tem-reajuste-de-5-e-garantia-de-direitos-para-todos-os-bancarios-9881\/\" target=\"_blank\" rel=\"noopener noreferrer\">Proposta tem reajuste de 5% e garantia de direitos para todos os banc\u00e1rios<\/a><\/em><\/ins><br \/><strong>\u00a0\u00a0\u00a0\u00a0 &gt; <\/strong><a href=\"http:\/\/www.contrafcut.org.br\/noticias\/banco-do-brasil-apresenta-proposta-final-na-mesa-especifica-c82f\/\" target=\"_blank\" rel=\"noopener noreferrer\"><em><ins>BB apresenta proposta final na mesa espec\u00edfica que mant\u00e9m todos os direitos<\/ins><\/em><\/a><br \/><strong>\u00a0\u00a0\u00a0\u00a0 &gt; <\/strong><a href=\"http:\/\/www.contrafcut.org.br\/noticias\/bancos-apresentam-proposta-de-reajuste-de-5-d5fc\/\" target=\"_blank\" rel=\"noopener noreferrer\"><em><ins>Bancos apresentam proposta de reajuste de 5%<\/ins><\/em><\/a><br \/><strong>\u00a0\u00a0\u00a0\u00a0 &gt; <\/strong><em><ins><a href=\"http:\/\/www.contrafcut.org.br\/noticias\/caixa-ea18\/\" target=\"_blank\" rel=\"noopener noreferrer\">Campanha Nacional 2018 mant\u00e9m Sa\u00fade Caixa e PLR Social<\/a><\/ins><\/em><\/p>\n<\/div>\n<p id=\"page-author\"><span style=\"text-decoration: underline;\"><strong>Fonte: Contraf-CUT<\/strong><\/span><\/p>\n","protected":false},"excerpt":{"rendered":"<p>O final de semana foi de intensas negocia\u00e7\u00f5es entre o Comando Nacional dos Banc\u00e1rios e a Federa\u00e7\u00e3o Nacional dos Bancos (Fenaban). Depois de 10 rodadas de negocia\u00e7\u00e3o, na noite de s\u00e1bado (25) os bancos apresentaram uma proposta de acordo na mesa \u00fanica de negocia\u00e7\u00f5es que prev\u00ea aumento real e manuten\u00e7\u00e3o de todas as cl\u00e1usulas da [&hellip;]<\/p>\n","protected":false},"author":2,"featured_media":5160,"comment_status":"","ping_status":"","sticky":false,"template":"","format":"standard","meta":{"footnotes":""},"categories":[3],"tags":[],"class_list":["post-5161","post","type-post","status-publish","format-standard","has-post-thumbnail","hentry","category-noticias"],"_links":{"self":[{"href":"https:\/\/hostnetart.com.br\/baixada\/wp-json\/wp\/v2\/posts\/5161","targetHints":{"allow":["GET"]}}],"collection":[{"href":"https:\/\/hostnetart.com.br\/baixada\/wp-json\/wp\/v2\/posts"}],"about":[{"href":"https:\/\/hostnetart.com.br\/baixada\/wp-json\/wp\/v2\/types\/post"}],"author":[{"embeddable":true,"href":"https:\/\/hostnetart.com.br\/baixada\/wp-json\/wp\/v2\/users\/2"}],"replies":[{"embeddable":true,"href":"https:\/\/hostnetart.com.br\/baixada\/wp-json\/wp\/v2\/comments?post=5161"}],"version-history":[{"count":0,"href":"https:\/\/hostnetart.com.br\/baixada\/wp-json\/wp\/v2\/posts\/5161\/revisions"}],"wp:featuredmedia":[{"embeddable":true,"href":"https:\/\/hostnetart.com.br\/baixada\/wp-json\/wp\/v2\/media\/5160"}],"wp:attachment":[{"href":"https:\/\/hostnetart.com.br\/baixada\/wp-json\/wp\/v2\/media?parent=5161"}],"wp:term":[{"taxonomy":"category","embeddable":true,"href":"https:\/\/hostnetart.com.br\/baixada\/wp-json\/wp\/v2\/categories?post=5161"},{"taxonomy":"post_tag","embeddable":true,"href":"https:\/\/hostnetart.com.br\/baixada\/wp-json\/wp\/v2\/tags?post=5161"}],"curies":[{"name":"wp","href":"https:\/\/api.w.org\/{rel}","templated":true}]}}