{"id":5159,"date":"2018-08-28T17:05:49","date_gmt":"2018-08-28T20:05:49","guid":{"rendered":"https:\/\/hostnetart.com.br\/baixada\/categoria-de-luta-e-conquista-faz-aniversario-hoje\/"},"modified":"2018-08-28T17:05:49","modified_gmt":"2018-08-28T20:05:49","slug":"categoria-de-luta-e-conquista-faz-aniversario-hoje","status":"publish","type":"post","link":"https:\/\/hostnetart.com.br\/baixada\/categoria-de-luta-e-conquista-faz-aniversario-hoje\/","title":{"rendered":"Categoria de luta e conquista faz anivers\u00e1rio hoje"},"content":{"rendered":"<div class=\"content\">\n<p>Foi bem \u00e0s v\u00e9speras do Dia do Banc\u00e1rio que mais uma vez a categoria escreveu novas linhas de sua hist\u00f3ria de conquistas no movimento sindical. S\u00e1bado, 25 de agosto, ap\u00f3s dez rodadas e muita press\u00e3o na mesa de negocia\u00e7\u00e3o, nos locais de trabalho e nas redes sociais, os bancos apresentaram <a href=\"http:\/\/www.contrafcut.org.br\/noticias\/proposta-tem-reajuste-de-5-e-garantia-de-direitos-para-todos-os-bancarios-9881\/\" target=\"_blank\" rel=\"noopener noreferrer\"><strong><ins>proposta com aumento real<\/ins><\/strong><\/a> para os sal\u00e1rios e manuten\u00e7\u00e3o de todos os direitos da Conven\u00e7\u00e3o Coletiva de Trabalho, para todos os trabalhadores.<\/p>\n<p>\u201cOs banc\u00e1rios decidir\u00e3o em assembleias por todo o Brasil, nessa quarta-feira (29), se aceitar\u00e3o ou n\u00e3o a proposta da Fenaban. Mas j\u00e1 nos tornamos refer\u00eancia de negocia\u00e7\u00e3o, com uma proposta de acordo que superou a reforma golpista de retirada de direitos\u201d, afirma Juvandia Moreira, presidenta da Confedera\u00e7\u00e3o Nacional dos Trabalhadores do Ramo Financeiro (Contraf-CUT). \u201cTodos os direitos da nossa CCT est\u00e3o mantidos para todos os trabalhadores do pa\u00eds. Inclusive os hipersuficientes (banc\u00e1rios que ganham mais de R$ 11.291, 60) que, pela lei trabalhista do p\u00f3s golpe estariam obrigados a negociar diretamente com os patr\u00f5es, podendo perder at\u00e9 a PLR\u201d, relata a dirigente.<br \/> \u201cOs banc\u00e1rios est\u00e3o de parab\u00e9ns, pelo anivers\u00e1rio da categoria nesse 28 de agosto, e por toda luta que foram capazes de empreender em todos esses anos ao lados dos sindicatos, fazendo da categoria uma das mais fortes e organizadas do pa\u00eds\u201d, ressalta Juvandia.<\/p>\n<p><strong>28 de agosto, dia do banc\u00e1rio<\/strong><br \/> Uma greve hist\u00f3rica que durou 69 dias, em 1951, tornou-se refer\u00eancia para a data de anivers\u00e1rio da categoria banc\u00e1ria. Mesmo reprimidos pela pol\u00edcia e boicotados pela m\u00eddia, os banc\u00e1rios lutavam por reajuste de 40%. A resist\u00eancia foi, sobretudo, dos banc\u00e1rios da capital paulista, onde j\u00e1 se concentrava a maioria dos trabalhadores do setor financeiro. Por fim, a decis\u00e3o final coube \u00e0 Justi\u00e7a, que concedeu 31% de aumento ap\u00f3s rever os c\u00e1lculos da infla\u00e7\u00e3o.<\/p>\n<p>A grande mobiliza\u00e7\u00e3o de 1951 se tornou um marco na hist\u00f3ria da categoria banc\u00e1ria e resultou na cria\u00e7\u00e3o de v\u00e1rios sindicatos pelo Brasil. Desde ent\u00e3o, comemora-se o Dia do Banc\u00e1rio em 28 de agosto.<\/p>\n<\/div>\n<p id=\"page-author\"><span style=\"text-decoration: underline;\"><em><strong>Fonte: Contraf-CUT<\/strong><\/em><\/span><\/p>\n","protected":false},"excerpt":{"rendered":"<p>Foi bem \u00e0s v\u00e9speras do Dia do Banc\u00e1rio que mais uma vez a categoria escreveu novas linhas de sua hist\u00f3ria de conquistas no movimento sindical. S\u00e1bado, 25 de agosto, ap\u00f3s dez rodadas e muita press\u00e3o na mesa de negocia\u00e7\u00e3o, nos locais de trabalho e nas redes sociais, os bancos apresentaram proposta com aumento real para [&hellip;]<\/p>\n","protected":false},"author":2,"featured_media":5158,"comment_status":"","ping_status":"","sticky":false,"template":"","format":"standard","meta":{"footnotes":""},"categories":[3],"tags":[],"class_list":["post-5159","post","type-post","status-publish","format-standard","has-post-thumbnail","hentry","category-noticias"],"_links":{"self":[{"href":"https:\/\/hostnetart.com.br\/baixada\/wp-json\/wp\/v2\/posts\/5159","targetHints":{"allow":["GET"]}}],"collection":[{"href":"https:\/\/hostnetart.com.br\/baixada\/wp-json\/wp\/v2\/posts"}],"about":[{"href":"https:\/\/hostnetart.com.br\/baixada\/wp-json\/wp\/v2\/types\/post"}],"author":[{"embeddable":true,"href":"https:\/\/hostnetart.com.br\/baixada\/wp-json\/wp\/v2\/users\/2"}],"replies":[{"embeddable":true,"href":"https:\/\/hostnetart.com.br\/baixada\/wp-json\/wp\/v2\/comments?post=5159"}],"version-history":[{"count":0,"href":"https:\/\/hostnetart.com.br\/baixada\/wp-json\/wp\/v2\/posts\/5159\/revisions"}],"wp:featuredmedia":[{"embeddable":true,"href":"https:\/\/hostnetart.com.br\/baixada\/wp-json\/wp\/v2\/media\/5158"}],"wp:attachment":[{"href":"https:\/\/hostnetart.com.br\/baixada\/wp-json\/wp\/v2\/media?parent=5159"}],"wp:term":[{"taxonomy":"category","embeddable":true,"href":"https:\/\/hostnetart.com.br\/baixada\/wp-json\/wp\/v2\/categories?post=5159"},{"taxonomy":"post_tag","embeddable":true,"href":"https:\/\/hostnetart.com.br\/baixada\/wp-json\/wp\/v2\/tags?post=5159"}],"curies":[{"name":"wp","href":"https:\/\/api.w.org\/{rel}","templated":true}]}}