{"id":5155,"date":"2018-08-27T18:11:50","date_gmt":"2018-08-27T21:11:50","guid":{"rendered":"https:\/\/hostnetart.com.br\/baixada\/industria-pressiona-temer-a-cortar-investimentos-no-jovem-aprendiz\/"},"modified":"2018-08-27T18:11:50","modified_gmt":"2018-08-27T21:11:50","slug":"industria-pressiona-temer-a-cortar-investimentos-no-jovem-aprendiz","status":"publish","type":"post","link":"https:\/\/hostnetart.com.br\/baixada\/industria-pressiona-temer-a-cortar-investimentos-no-jovem-aprendiz\/","title":{"rendered":"Ind\u00fastria pressiona Temer a cortar investimentos no Jovem Aprendiz"},"content":{"rendered":"<p class=\" \">Por meio do Servi\u00e7o Nacional de Aprendizagem (Senai), a Confedera\u00e7\u00e3o Nacional das Ind\u00fastrias (CNI) tem pressionado o governo federal a reduzir o repasse de verbas ao Programa Jovem Aprendiz \u2013 respons\u00e1vel por inserir e capacitar jovens para o mercado de trabalho. A den\u00fancia do lobby industrial, constatada pela publica\u00e7\u00e3o <a class=\"external-link\" title=\"\" href=\"https:\/\/theintercept.com\/2018\/08\/15\/cni-acabar-aprendizes\/\" target=\"_blank\" rel=\"noopener noreferrer\">The Intercept Brasil,\u00a0<\/a>aponta que o corte sugerido formalmente pela CNI pode chegar at\u00e9 75% do n\u00famero de vagas de aprendizagem ofertadas.<\/p>\n<p class=\" \">Segundo a reportagem, o Senai prop\u00f5e eliminar mais de 900 fun\u00e7\u00f5es de um total de 1.600 listadas pela Classifica\u00e7\u00e3o Brasileira das Ocupa\u00e7\u00f5es (CBO), al\u00e9m de postergar a contrata\u00e7\u00e3o \u2013 que hoje \u00e9 imediata \u2013 para ap\u00f3s o cumprimento de 30% do curso. Na pr\u00e1tica, isso ir\u00e1 desobrigar as ind\u00fastrias de efetivar milhares de contrata\u00e7\u00f5es de adolescentes em idade de aprendizado e de preparo para o mercado de trabalho.<\/p>\n<p class=\" \">A den\u00fancia surpreendeu o representante da CUT no Conselho Nacional do Senai, Jos\u00e9 Roberto Nogueira, por considerar que a medida impactar\u00e1 <a class=\"internal-link\" title=\"\" href=\"https:\/\/www.redebrasilatual.com.br\/trabalho\/2018\/08\/trabalhadores-esperam-que-novo-governo-de-sao-paulo-priorize-a-industria-nacional\" target=\"_blank\" rel=\"noopener noreferrer\">negativamente a ind\u00fastria<\/a> que, segundo ele, j\u00e1 est\u00e1 <a class=\"internal-link\" title=\"\" href=\"https:\/\/www.redebrasilatual.com.br\/trabalho\/2018\/08\/industriall-debate-futuro-do-trabalho-na-america-latina\" target=\"_blank\" rel=\"noopener noreferrer\">enfraquecida<\/a>. Em entrevista \u00e0 rep\u00f3rter Michelle Gomes do <em>Seu Jornal,<\/em> da <strong>TVT<\/strong>, Nogueira afirmou que mesmo ap\u00f3s ter cobrado explica\u00e7\u00f5es, at\u00e9 o momento, o Senai ainda n\u00e3o apresentou nenhuma resposta concreta.<\/p>\n<p class=\" \">&#8220;N\u00f3s vamos tentar entender isso, o que tem que ficar muito claro \u00e9 que n\u00f3s representamos os\u00a0trabalhadores e eles t\u00eam de estar inseridos se tiver qualquer mudan\u00e7a&#8221;, afirma o representante da CUT. O Jovem Aprendiz \u00e9, hoje, o principal programa do governo destinado a jovens entre 14 e 18 anos que buscam um curso de qualifica\u00e7\u00e3o profissional para entrar no mercado de trabalho.<\/p>\n<p class=\" \">\u00a0<\/p>\n<p class=\" \"><span style=\"text-decoration: underline;\"><strong>FONTE: Rede Brasil Atual<\/strong><\/span><\/p>\n","protected":false},"excerpt":{"rendered":"<p>Por meio do Servi\u00e7o Nacional de Aprendizagem (Senai), a Confedera\u00e7\u00e3o Nacional das Ind\u00fastrias (CNI) tem pressionado o governo federal a reduzir o repasse de verbas ao Programa Jovem Aprendiz \u2013 respons\u00e1vel por inserir e capacitar jovens para o mercado de trabalho. A den\u00fancia do lobby industrial, constatada pela publica\u00e7\u00e3o The Intercept Brasil,\u00a0aponta que o corte [&hellip;]<\/p>\n","protected":false},"author":2,"featured_media":5154,"comment_status":"","ping_status":"","sticky":false,"template":"","format":"standard","meta":{"footnotes":""},"categories":[3],"tags":[],"class_list":["post-5155","post","type-post","status-publish","format-standard","has-post-thumbnail","hentry","category-noticias"],"_links":{"self":[{"href":"https:\/\/hostnetart.com.br\/baixada\/wp-json\/wp\/v2\/posts\/5155","targetHints":{"allow":["GET"]}}],"collection":[{"href":"https:\/\/hostnetart.com.br\/baixada\/wp-json\/wp\/v2\/posts"}],"about":[{"href":"https:\/\/hostnetart.com.br\/baixada\/wp-json\/wp\/v2\/types\/post"}],"author":[{"embeddable":true,"href":"https:\/\/hostnetart.com.br\/baixada\/wp-json\/wp\/v2\/users\/2"}],"replies":[{"embeddable":true,"href":"https:\/\/hostnetart.com.br\/baixada\/wp-json\/wp\/v2\/comments?post=5155"}],"version-history":[{"count":0,"href":"https:\/\/hostnetart.com.br\/baixada\/wp-json\/wp\/v2\/posts\/5155\/revisions"}],"wp:featuredmedia":[{"embeddable":true,"href":"https:\/\/hostnetart.com.br\/baixada\/wp-json\/wp\/v2\/media\/5154"}],"wp:attachment":[{"href":"https:\/\/hostnetart.com.br\/baixada\/wp-json\/wp\/v2\/media?parent=5155"}],"wp:term":[{"taxonomy":"category","embeddable":true,"href":"https:\/\/hostnetart.com.br\/baixada\/wp-json\/wp\/v2\/categories?post=5155"},{"taxonomy":"post_tag","embeddable":true,"href":"https:\/\/hostnetart.com.br\/baixada\/wp-json\/wp\/v2\/tags?post=5155"}],"curies":[{"name":"wp","href":"https:\/\/api.w.org\/{rel}","templated":true}]}}