{"id":5147,"date":"2018-08-26T12:33:13","date_gmt":"2018-08-26T15:33:13","guid":{"rendered":"https:\/\/hostnetart.com.br\/baixada\/bb-apresenta-proposta-final-na-mesa-especifica-que-mantem-todos-os-direitos\/"},"modified":"2018-08-26T12:33:13","modified_gmt":"2018-08-26T15:33:13","slug":"bb-apresenta-proposta-final-na-mesa-especifica-que-mantem-todos-os-direitos","status":"publish","type":"post","link":"https:\/\/hostnetart.com.br\/baixada\/bb-apresenta-proposta-final-na-mesa-especifica-que-mantem-todos-os-direitos\/","title":{"rendered":"BB apresenta proposta final na mesa espec\u00edfica que mant\u00e9m todos os direitos"},"content":{"rendered":"<div class=\"content\">\n<p>O Banco do Brasil apresentou para a Comiss\u00e3o de Empresa dos Funcion\u00e1rios do BB, neste s\u00e1bado (25), a reda\u00e7\u00e3o de proposta de acordo para os trabalhadores do banco. A mesa de negocia\u00e7\u00e3o aconteceu ap\u00f3s a realiza\u00e7\u00e3o da mesa \u00fanica com a Federa\u00e7\u00e3o Nacional dos Bancos.<\/p>\n<p>O banco prop\u00f4s, assim como na mesa \u00fanica, um Acordo Coletivo de Trabalho (ACT) de dois anos com reajuste de 5% de 2018 e infla\u00e7\u00e3o mais ganho real de 1% em 2019 sobre todas as verbas.<\/p>\n<p><strong>Intervalo de almo\u00e7o<\/strong><\/p>\n<p>O intervalo de almo\u00e7o dos funcion\u00e1rios com \u00a0jornada de oito horas poder\u00e1 ser reduzido para 30 minutos, de forma facultativa. J\u00e1 para os funcion\u00e1rios de seis horas ser\u00e1 mantido o modelo atual, sem registro de ponto. A mudan\u00e7a no intervalo dos funcion\u00e1rios de seis horas ser\u00e1 discutida ao longo do processo de negocia\u00e7\u00e3o permanente at\u00e9 que se tenha um entendimento, inclusive em outros bancos.<\/p>\n<p>No caso de horas extras, o tempo m\u00ednimo de intervalo para o funcion\u00e1rio de jornada de seis horas, poder\u00e1 ser de 30 minutos. Diferente de como acontece atualmente, no qual o funcion\u00e1rio \u00e9 obrigado a fazer uma hora de intervalo.<\/p>\n<p><strong>\u00a0Banco de horas <\/strong><\/p>\n<p>Os funcion\u00e1rios ter\u00e3o seis meses para a compensa\u00e7\u00e3o das horas extras com folgas, sendo um dia acumulado para um dia folgado, e caso a compensa\u00e7\u00e3o n\u00e3o aconte\u00e7a em at\u00e9 seis meses, o saldo de horas ser\u00e1 convertido em esp\u00e9cie e pago no m\u00eas subsequente com o devido adicional de hora extra, ou seja, uma hora e meia.<\/p>\n<p><strong>PLR<\/strong><\/p>\n<p>Est\u00e1 mantido o mesmo modelo de PLR no Banco do Brasil e o pagamento do primeiro semestre, assim como nos anos anteriores, ser\u00e1 logo ap\u00f3s a assinatura do acordo, caso seja aprovado.<\/p>\n<p><strong>Manuten\u00e7\u00e3o das tr\u00eas avalia\u00e7\u00f5es<\/strong><\/p>\n<p>Foi conquistada na \u00faltima reuni\u00e3o, realizada no dia 22 de agosto, a manuten\u00e7\u00e3o da cl\u00e1usula do Acordo Coletivo que garante a observa\u00e7\u00e3o de tr\u00eas ciclos avaliat\u00f3rios consecutivos de GDP com desempenhos insatisfat\u00f3rios, para efeito de descomissionamento.<\/p>\n<p><strong>Mesas tem\u00e1ticas<\/strong><\/p>\n<p>O acordo mant\u00e9m a mesa tem\u00e1tica sobre Sa\u00fade e Seguran\u00e7a no Trabalho, e acrescenta duas novas mesas tem\u00e1ticas sobre Teletrabalho e Escrit\u00f3rios Digitais e Entidades Patrocinadas de Bancos Incorporados.<\/p>\n<p>A proposta tamb\u00e9m inclui um dia de luto para falecimento de padrastos e madrastas do funcion\u00e1rio. E o trabalhador poder\u00e1 optar pelo recebimento do vale-transporte em dinheiro ou em cart\u00e3o magn\u00e9tico.<\/p>\n<p>Para a presidenta da Confedera\u00e7\u00e3o Nacional dos Trabalhadores do Ramo Financeiro e uma das coordenadoras do Comando Nacional dos Banc\u00e1rios, Juvandia Moreira, as propostas mant\u00e9m a unidade da categoria sem a retirada de direitos. \u201cNessa conjuntura na qual os trabalhadores est\u00e3o perdendo os direitos e tem uma nova lei trabalhista, que flexibiliza e precariza\u00a0as rela\u00e7\u00f5es de trabalho, n\u00f3s conseguimos manter a unidade da categoria e fazer com que a Conven\u00e7\u00e3o Coletiva de Trabalho e os acordos coletivos\u00a0valessem para todos, sem a retirada de direitos.\u00a0 Por isso, o Comando Nacional dos Banc\u00e1rios est\u00e1 indicando a aprova\u00e7\u00e3o das propostas nas assembleias\u201d, disse.<\/p>\n<p>O coordenador da Comiss\u00e3o de Empresa, Wagner Nascimento, afirmou que foi poss\u00edvel chegar a uma proposta global. \u201cDepois de diversas rodadas de negocia\u00e7\u00e3o, chegamos a uma proposta global que traz para os funcion\u00e1rios do Banco do Brasil a manuten\u00e7\u00e3o do acordo coletivo sem retirada de direitos e ainda alguns avan\u00e7os. A constru\u00e7\u00e3o de um acordo antes de 31 de agosto refor\u00e7a o importante papel das mesas de negocia\u00e7\u00e3o, e da atua\u00e7\u00e3o dos sindicatos e federa\u00e7\u00f5es, representados pela Comiss\u00e3o de Empresa. Agora, os funcion\u00e1rios far\u00e3o a avalia\u00e7\u00e3o nas assembleias da pr\u00f3xima semana\u201d, concluiu.<\/p>\n<p>\u00a0<\/p>\n<p>\u00a0<\/p>\n<p>\u00a0<\/p>\n<p>\u00a0<\/p>\n<p>\u00a0<\/p>\n<p>\u00a0<\/p>\n<\/div>\n<p id=\"page-author\"><span style=\"text-decoration: underline;\"><em><strong>Fonte: Contraf-CUT<\/strong><\/em><\/span><\/p>\n","protected":false},"excerpt":{"rendered":"<p>O Banco do Brasil apresentou para a Comiss\u00e3o de Empresa dos Funcion\u00e1rios do BB, neste s\u00e1bado (25), a reda\u00e7\u00e3o de proposta de acordo para os trabalhadores do banco. A mesa de negocia\u00e7\u00e3o aconteceu ap\u00f3s a realiza\u00e7\u00e3o da mesa \u00fanica com a Federa\u00e7\u00e3o Nacional dos Bancos. O banco prop\u00f4s, assim como na mesa \u00fanica, um Acordo [&hellip;]<\/p>\n","protected":false},"author":2,"featured_media":5146,"comment_status":"","ping_status":"","sticky":false,"template":"","format":"standard","meta":{"footnotes":""},"categories":[3],"tags":[],"class_list":["post-5147","post","type-post","status-publish","format-standard","has-post-thumbnail","hentry","category-noticias"],"_links":{"self":[{"href":"https:\/\/hostnetart.com.br\/baixada\/wp-json\/wp\/v2\/posts\/5147","targetHints":{"allow":["GET"]}}],"collection":[{"href":"https:\/\/hostnetart.com.br\/baixada\/wp-json\/wp\/v2\/posts"}],"about":[{"href":"https:\/\/hostnetart.com.br\/baixada\/wp-json\/wp\/v2\/types\/post"}],"author":[{"embeddable":true,"href":"https:\/\/hostnetart.com.br\/baixada\/wp-json\/wp\/v2\/users\/2"}],"replies":[{"embeddable":true,"href":"https:\/\/hostnetart.com.br\/baixada\/wp-json\/wp\/v2\/comments?post=5147"}],"version-history":[{"count":0,"href":"https:\/\/hostnetart.com.br\/baixada\/wp-json\/wp\/v2\/posts\/5147\/revisions"}],"wp:featuredmedia":[{"embeddable":true,"href":"https:\/\/hostnetart.com.br\/baixada\/wp-json\/wp\/v2\/media\/5146"}],"wp:attachment":[{"href":"https:\/\/hostnetart.com.br\/baixada\/wp-json\/wp\/v2\/media?parent=5147"}],"wp:term":[{"taxonomy":"category","embeddable":true,"href":"https:\/\/hostnetart.com.br\/baixada\/wp-json\/wp\/v2\/categories?post=5147"},{"taxonomy":"post_tag","embeddable":true,"href":"https:\/\/hostnetart.com.br\/baixada\/wp-json\/wp\/v2\/tags?post=5147"}],"curies":[{"name":"wp","href":"https:\/\/api.w.org\/{rel}","templated":true}]}}