{"id":5143,"date":"2018-08-25T17:59:23","date_gmt":"2018-08-25T20:59:23","guid":{"rendered":"https:\/\/hostnetart.com.br\/baixada\/comando-cobra-ultratividade-e-bancos-respondem-no-sabado\/"},"modified":"2018-08-25T17:59:23","modified_gmt":"2018-08-25T20:59:23","slug":"comando-cobra-ultratividade-e-bancos-respondem-no-sabado","status":"publish","type":"post","link":"https:\/\/hostnetart.com.br\/baixada\/comando-cobra-ultratividade-e-bancos-respondem-no-sabado\/","title":{"rendered":"Comando cobra ultratividade e bancos respondem no s\u00e1bado"},"content":{"rendered":"<div class=\"content\">\n<p>Ap\u00f3s dois dias de negocia\u00e7\u00f5es, a federa\u00e7\u00e3o dos bancos (Fenaban) n\u00e3o trouxe nenhuma nova proposta ao Comando Nacional dos Banc\u00e1rios.<\/p>\n<p>Em rodada realizada na quinta-feira (23), a Fenaban recuou e afirmou que n\u00e3o haver\u00e1 mais retirada de direitos nem supress\u00e3o de cl\u00e1usulas da Conven\u00e7\u00e3o Coletiva de Trabalho (CCT). No entanto, na sexta-feira (24), apesar de o Comando estar desde o in\u00edcio do dia aguardando a negocia\u00e7\u00e3o, os bancos s\u00f3 iniciaram a rodada por volta de 23h, que se arrastou at\u00e9 a madrugada do s\u00e1bado. A pausa de quinta para sexta foi solicitada pela Fenaban para fazer consultas \u00e0s institui\u00e7\u00f5es financeiras que mantiveram o aumento real de 0,5% sobre sal\u00e1rios, vales, aux\u00edlios, valores fixos da PLR, j\u00e1 rejeitada na rodada do dia 22.<\/p>\n<p>Diante dessa situa\u00e7\u00e3o que se arrasta, o movimento sindical cobrou a ultratividade (acordo que garante os direitos at\u00e9 o fim das negocia\u00e7\u00f5es) e os bancos chamar\u00e3o uma nova rodada para este s\u00e1bado (25), para dar a resposta. As mesas espec\u00edficas do Banco do Brasil e da Caixa Federal s\u00f3 ser\u00e3o retomadas ap\u00f3s finalizada a Fenaban.<\/p>\n<p>Na quarta-feira (29), em todo o Brasil, os banc\u00e1rios realizar\u00e3o assembleias para definir os rumos da campanha. \u201c\u00c9 absurdo o setor que mais lucra no Brasil, com todos os indicativos dos balan\u00e7os em alta, querer pagar aumento real de 0,5%, muito abaixo da m\u00e9dia de 0,94% de outros setores da economia bem menos lucrativos no primeiro semestre deste ano\u201d, afirmou Juvandia Moreira, presidenta da Confedera\u00e7\u00e3o dos Trabalhadores do Ramo Financeiro e uma das coordenadoras do Comando.<\/p>\n<p>\u201cApostamos no processo de negocia\u00e7\u00e3o, mas os bancos est\u00e3o enrolando e devendo respostas mais claras sobre a garantia dos direitos e aumento real maior para sal\u00e1rios e demais verbas\u201d, criticou Ivone Silva, presidenta do Sindicato dos Banc\u00e1rios de S\u00e3o Paulo, Osasco e Regi\u00e3o, tamb\u00e9m coordenadora do Comando.<\/p>\n<\/div>\n<p id=\"page-author\"><strong>Fonte: Contraf-CUT<\/strong><\/p>\n","protected":false},"excerpt":{"rendered":"<p>Ap\u00f3s dois dias de negocia\u00e7\u00f5es, a federa\u00e7\u00e3o dos bancos (Fenaban) n\u00e3o trouxe nenhuma nova proposta ao Comando Nacional dos Banc\u00e1rios. Em rodada realizada na quinta-feira (23), a Fenaban recuou e afirmou que n\u00e3o haver\u00e1 mais retirada de direitos nem supress\u00e3o de cl\u00e1usulas da Conven\u00e7\u00e3o Coletiva de Trabalho (CCT). No entanto, na sexta-feira (24), apesar de [&hellip;]<\/p>\n","protected":false},"author":2,"featured_media":5142,"comment_status":"","ping_status":"","sticky":false,"template":"","format":"standard","meta":{"footnotes":""},"categories":[3],"tags":[],"class_list":["post-5143","post","type-post","status-publish","format-standard","has-post-thumbnail","hentry","category-noticias"],"_links":{"self":[{"href":"https:\/\/hostnetart.com.br\/baixada\/wp-json\/wp\/v2\/posts\/5143","targetHints":{"allow":["GET"]}}],"collection":[{"href":"https:\/\/hostnetart.com.br\/baixada\/wp-json\/wp\/v2\/posts"}],"about":[{"href":"https:\/\/hostnetart.com.br\/baixada\/wp-json\/wp\/v2\/types\/post"}],"author":[{"embeddable":true,"href":"https:\/\/hostnetart.com.br\/baixada\/wp-json\/wp\/v2\/users\/2"}],"replies":[{"embeddable":true,"href":"https:\/\/hostnetart.com.br\/baixada\/wp-json\/wp\/v2\/comments?post=5143"}],"version-history":[{"count":0,"href":"https:\/\/hostnetart.com.br\/baixada\/wp-json\/wp\/v2\/posts\/5143\/revisions"}],"wp:featuredmedia":[{"embeddable":true,"href":"https:\/\/hostnetart.com.br\/baixada\/wp-json\/wp\/v2\/media\/5142"}],"wp:attachment":[{"href":"https:\/\/hostnetart.com.br\/baixada\/wp-json\/wp\/v2\/media?parent=5143"}],"wp:term":[{"taxonomy":"category","embeddable":true,"href":"https:\/\/hostnetart.com.br\/baixada\/wp-json\/wp\/v2\/categories?post=5143"},{"taxonomy":"post_tag","embeddable":true,"href":"https:\/\/hostnetart.com.br\/baixada\/wp-json\/wp\/v2\/tags?post=5143"}],"curies":[{"name":"wp","href":"https:\/\/api.w.org\/{rel}","templated":true}]}}