{"id":5141,"date":"2018-08-24T16:47:56","date_gmt":"2018-08-24T19:47:56","guid":{"rendered":"https:\/\/hostnetart.com.br\/baixada\/bancos-ja-fecharam-2-445-postos-de-trabalho-em-2018\/"},"modified":"2018-08-24T16:47:56","modified_gmt":"2018-08-24T19:47:56","slug":"bancos-ja-fecharam-2-445-postos-de-trabalho-em-2018","status":"publish","type":"post","link":"https:\/\/hostnetart.com.br\/baixada\/bancos-ja-fecharam-2-445-postos-de-trabalho-em-2018\/","title":{"rendered":"Bancos j\u00e1 fecharam 2.445 postos de trabalho em 2018"},"content":{"rendered":"<div class=\"content\">\n<p>Os bancos fecharam 2.445 postos de trabalho no pa\u00eds entre janeiro e julho de 2018, de acordo an\u00e1lise feita pelo Departamento Intersindical de Estat\u00edsticas e Estudos Socioecon\u00f4micos (Dieese) a partir dos dados do Cadastro Geral de Empregados e Desempregados (Caged). Pesquisa do setor \u00e9 divulgada\u00a0<ins><strong><a href=\"http:\/\/www.contrafcut.org.br\/busca?q=PEB\" target=\"_blank\" rel=\"noopener noreferrer\">mensalmente<\/a><\/strong><\/ins>\u00a0pela Confedera\u00e7\u00e3o Nacional dos Trabalhadores do Ramo Financeiro (Contraf-CUT).<\/p>\n<p>O maior saldo negativo no emprego banc\u00e1rio no per\u00edodo analisado foi registrado em S\u00e3o Paulo. O estado \u00e9 respons\u00e1vel por 57,3% das admiss\u00f5es e 62% de desligamentos. S\u00e3o 780 postos de trabalho a menos para os banc\u00e1rios paulistas. Rio de Janeiro e Paran\u00e1 veem logo em seguida, com 746 e 322 postos fechados, respectivamente. Entre os poucos estados onde houve mais contrata\u00e7\u00f5es do que demiss\u00f5es, o Par\u00e1 \u00e9 que teve o maior saldo positivo (94 postos a mais).<\/p>\n<p><a class=\"has-subtitle img\" title=\"\" href=\"http:\/\/admin.contrafcut.com.br\/system\/uploads\/ck\/images\/Saldo%20do%20emprego%20banc%C3%A1rio%20UF.jpg\" data-lightbox=\"lightbox\" data-title=\"\"><img decoding=\"async\" src=\"http:\/\/www.contrafcut.org.br\/images\/_c42da449b20007f2853b564f957132e4.jpg\" alt=\"\" \/><\/a><\/p>\n<p>Esta \u00e9 uma realidade que se repete. A an\u00e1lise do Dieese aponta que, desde janeiro de 2016, o saldo mensal do emprego nos bancos foi positivo apenas em 5 meses (janeiro de 2016, julho e novembro de 2017, janeiro de 2018 e julho de 2018), ficando negativo em todos os demais meses.<\/p>\n<p><a class=\"has-subtitle img\" title=\"\" href=\"http:\/\/admin.contrafcut.com.br\/system\/uploads\/ck\/images\/Saldo%20de%20emprego%20banc%C3%A1rio%2001_2016%20a%2007_2018.jpg\" data-lightbox=\"lightbox\" data-title=\"\"><img decoding=\"async\" src=\"http:\/\/www.contrafcut.org.br\/images\/_8c868177137466679d9387d721150eef.jpg\" alt=\"\" \/><\/a><\/p>\n<p>A an\u00e1lise por Setor de Atividade Econ\u00f4mica revela que os \u201cBancos m\u00faltiplos com carteira comercial\u201d, categoria que engloba bancos como, Ita\u00fa Unibanco, Bradesco, Santander e Banco do Brasil, foram respons\u00e1veis pelo fechamento de 1.523 postos, entre janeiro e julho de 2018. No caso da Caixa, devido, em grande parte, ao \u201cPrograma de Desligamento de Empregados\u201d, lan\u00e7ado em 22 de fevereiro, o fechamento foi de 1.021 postos no per\u00edodo.<\/p>\n<p><strong>Faixa Et\u00e1ria<\/strong><br \/>Os bancos continuam concentrando suas contrata\u00e7\u00f5es nas faixas et\u00e1rias at\u00e9 29 anos, em especial entre 18 e 24 anos. Foram criadas 6.221 vagas para trabalhadores at\u00e9 29 anos. Acima de 30 anos, todas as faixas apresentaram saldo negativo (ao todo, -8.666 postos), com destaque para a faixa de 50 a 64 anos, com fechamento de 4.322 postos no per\u00edodo.<\/p>\n<p><strong>Desigualdade entre Homens e Mulheres<\/strong><br \/>As 8.005 mulheres admitidas nos bancos nos primeiros sete meses de 2018 receberam, em m\u00e9dia, R$ 3.506,00. Esse valor corresponde a 71,5% da remunera\u00e7\u00e3o m\u00e9dia auferida pelos 8.707 homens contratados no per\u00edodo. Constata-se a diferen\u00e7a de remunera\u00e7\u00e3o entre homens e mulheres tamb\u00e9m nos desligamentos. As 9.515 mulheres desligadas dos bancos recebiam, em m\u00e9dia, R$ 5.556,00, o que representou 74,2% da remunera\u00e7\u00e3o m\u00e9dia dos 9.642 homens desligados dos bancos.<\/p>\n<p><strong>Primeiros reflexos da Reforma Trabalhista nos dados do CAGED<\/strong><br \/>As demiss\u00f5es sem justa causa representaram 55,2% do total de desligamentos no setor banc\u00e1rio, entre janeiro e julho de 2018. As sa\u00eddas a pedido do trabalhador representaram 36,8% dos tipos de desligamento. Nesse per\u00edodo foram registrados, ainda, 50 casos de demiss\u00e3o por acordo entre empregado e empregador. Essa modalidade de demiss\u00e3o foi criada com a aprova\u00e7\u00e3o da Lei 13.467\/2017, a Reforma Trabalhista, em vig\u00eancia desde novembro de 2017. Os empregados que sa\u00edram do emprego nessa modalidade apresentaram remunera\u00e7\u00e3o m\u00e9dia de R$ 8.827,74.<\/p>\n<p>Leia a \u00edntegra da\u00a0<a href=\"http:\/\/admin.contrafcut.com.br\/system\/uploads\/ck\/files\/PEB%20janeiro%20a%20julho%20de%202018.pdf\" target=\"_blank\" rel=\"noopener noreferrer\"><ins><strong>an\u00e1lise do Dieese<\/strong><\/ins><\/a>.<\/p>\n<p><strong>Leia tamb\u00e9m:<\/strong><br \/>\u00a0\u00a0\u00a0\u00a0\u00a0<strong>&gt;<\/strong>\u00a0<em><ins><a href=\"http:\/\/www.contrafcut.org.br\/noticias\/bancos-fecharam-2-846-postos-de-trabalho-no-primeiro-semestre-de-2018-9cd1\/\" target=\"_blank\" rel=\"noopener noreferrer\">Bancos fecharam 2.846 postos de trabalho no primeiro semestre de 2018<\/a><\/ins><\/em><br \/>\u00a0\u00a0\u00a0\u00a0\u00a0<strong>&gt;<\/strong>\u00a0<ins><em><a href=\"http:\/\/www.contrafcut.org.br\/noticias\/economia-fraca-e-reforma-trabalhista-criam-novo-perfil-de-desempregado-d80e\" target=\"_blank\" rel=\"noopener noreferrer\">Economia fraca e &#8216;reforma&#8217; trabalhista criam novo perfil de desempregado<\/a><\/em><\/ins><br \/>\u00a0\u00a0\u00a0\u00a0\u00a0<strong>&gt;<\/strong>\u00a0<ins><em><a href=\"http:\/\/www.contrafcut.org.br\/noticias\/nao-ha-razao-para-demissoes-nos-bancos-8940\" target=\"_blank\" rel=\"noopener noreferrer\">N\u00e3o h\u00e1 raz\u00e3o para demiss\u00f5es nos bancos<\/a><\/em><\/ins><\/p>\n<\/div>\n<p id=\"page-author\"><span style=\"text-decoration: underline;\"><em>Fonte: Contraf-CUT<\/em><\/span><\/p>\n","protected":false},"excerpt":{"rendered":"<p>Os bancos fecharam 2.445 postos de trabalho no pa\u00eds entre janeiro e julho de 2018, de acordo an\u00e1lise feita pelo Departamento Intersindical de Estat\u00edsticas e Estudos Socioecon\u00f4micos (Dieese) a partir dos dados do Cadastro Geral de Empregados e Desempregados (Caged). Pesquisa do setor \u00e9 divulgada\u00a0mensalmente\u00a0pela Confedera\u00e7\u00e3o Nacional dos Trabalhadores do Ramo Financeiro (Contraf-CUT). O maior [&hellip;]<\/p>\n","protected":false},"author":2,"featured_media":5140,"comment_status":"","ping_status":"","sticky":false,"template":"","format":"standard","meta":{"footnotes":""},"categories":[3],"tags":[],"class_list":["post-5141","post","type-post","status-publish","format-standard","has-post-thumbnail","hentry","category-noticias"],"_links":{"self":[{"href":"https:\/\/hostnetart.com.br\/baixada\/wp-json\/wp\/v2\/posts\/5141","targetHints":{"allow":["GET"]}}],"collection":[{"href":"https:\/\/hostnetart.com.br\/baixada\/wp-json\/wp\/v2\/posts"}],"about":[{"href":"https:\/\/hostnetart.com.br\/baixada\/wp-json\/wp\/v2\/types\/post"}],"author":[{"embeddable":true,"href":"https:\/\/hostnetart.com.br\/baixada\/wp-json\/wp\/v2\/users\/2"}],"replies":[{"embeddable":true,"href":"https:\/\/hostnetart.com.br\/baixada\/wp-json\/wp\/v2\/comments?post=5141"}],"version-history":[{"count":0,"href":"https:\/\/hostnetart.com.br\/baixada\/wp-json\/wp\/v2\/posts\/5141\/revisions"}],"wp:featuredmedia":[{"embeddable":true,"href":"https:\/\/hostnetart.com.br\/baixada\/wp-json\/wp\/v2\/media\/5140"}],"wp:attachment":[{"href":"https:\/\/hostnetart.com.br\/baixada\/wp-json\/wp\/v2\/media?parent=5141"}],"wp:term":[{"taxonomy":"category","embeddable":true,"href":"https:\/\/hostnetart.com.br\/baixada\/wp-json\/wp\/v2\/categories?post=5141"},{"taxonomy":"post_tag","embeddable":true,"href":"https:\/\/hostnetart.com.br\/baixada\/wp-json\/wp\/v2\/tags?post=5141"}],"curies":[{"name":"wp","href":"https:\/\/api.w.org\/{rel}","templated":true}]}}