{"id":5139,"date":"2018-08-24T13:43:24","date_gmt":"2018-08-24T16:43:24","guid":{"rendered":"https:\/\/hostnetart.com.br\/baixada\/brasil-podera-levar-10-anos-para-repor-postos-de-trabalho-fechados\/"},"modified":"2018-08-24T13:43:24","modified_gmt":"2018-08-24T16:43:24","slug":"brasil-podera-levar-10-anos-para-repor-postos-de-trabalho-fechados","status":"publish","type":"post","link":"https:\/\/hostnetart.com.br\/baixada\/brasil-podera-levar-10-anos-para-repor-postos-de-trabalho-fechados\/","title":{"rendered":"Brasil poder\u00e1 levar 10 anos para repor postos de trabalho fechados"},"content":{"rendered":"<p class=\" \">Se a atual din\u00e2mica de abertura de empregos se confirmar como tend\u00eancia, o Brasil levar\u00e1 10 anos para repor os postos de trabalho que foram fechados nos \u00faltimos tr\u00eas, segundo o diretor-t\u00e9cnico do Dieese, Clemente Ganz L\u00facio. Apesar do<a class=\"internal-link\" title=\"\" href=\"https:\/\/www.redebrasilatual.com.br\/economia\/2018\/08\/com-salario-menor-e-emprego-precario-pais-abre-vagas-com-carteira\" target=\"_blank\" rel=\"noopener noreferrer\">\u00a0resultado positivo<\/a>\u00a0registrado em julho no Cadastro Geral de Empregados e Desempregados (Caged), ele ponderou que a economia segue em baixa e com reflexos sobre\u00a0<a class=\"internal-link\" title=\"\" href=\"https:\/\/www.redebrasilatual.com.br\/economia\/2018\/08\/em-dois-anos-pais-tem-mais-5-milhoes-de-subtilizados-e-1-6-milhao-de-desalentados\" target=\"_blank\" rel=\"noopener noreferrer\">o mercado de trabalho<\/a>.<\/p>\n<p class=\" \">A cria\u00e7\u00e3o de pouco mais de 47 mil vagas no mercado formal responde ao primeiro resultado positivo registrado para o m\u00eas em seis anos e que levar\u00e1 ao resultado de 2018 a um n\u00famero estimado em 200 mil a 300 mil vagas \u2013 muito aqu\u00e9m do postos de trabalho eliminados. &#8220;\u00c9 uma din\u00e2mica muito baixa para a necessidade que o mercado de trabalho brasileiro tem para repor os postos fechados e atender aqueles que chegam no mercado.&#8221;<\/p>\n<p class=\" \">O diretor-t\u00e9cnico destaca ainda que os dados do Caged revelam uma \u201crotatividade do mercado\u201c indicada pela alta no volume de pessoas que s\u00e3o demitidas e depois contratadas. Uma substitui\u00e7\u00e3o que tem possibilitado ao mercado rebaixar os sal\u00e1rios. O que, para Clemente, reflexo novas modalidades de contrata\u00e7\u00e3o, flex\u00edveis e informais.<\/p>\n<p class=\" \">\u00a0<\/p>\n<p class=\" \"><strong>FONTE: Rede Brasil Atual<\/strong><\/p>\n","protected":false},"excerpt":{"rendered":"<p>Se a atual din\u00e2mica de abertura de empregos se confirmar como tend\u00eancia, o Brasil levar\u00e1 10 anos para repor os postos de trabalho que foram fechados nos \u00faltimos tr\u00eas, segundo o diretor-t\u00e9cnico do Dieese, Clemente Ganz L\u00facio. Apesar do\u00a0resultado positivo\u00a0registrado em julho no Cadastro Geral de Empregados e Desempregados (Caged), ele ponderou que a economia [&hellip;]<\/p>\n","protected":false},"author":2,"featured_media":5138,"comment_status":"","ping_status":"","sticky":false,"template":"","format":"standard","meta":{"footnotes":""},"categories":[3],"tags":[],"class_list":["post-5139","post","type-post","status-publish","format-standard","has-post-thumbnail","hentry","category-noticias"],"_links":{"self":[{"href":"https:\/\/hostnetart.com.br\/baixada\/wp-json\/wp\/v2\/posts\/5139","targetHints":{"allow":["GET"]}}],"collection":[{"href":"https:\/\/hostnetart.com.br\/baixada\/wp-json\/wp\/v2\/posts"}],"about":[{"href":"https:\/\/hostnetart.com.br\/baixada\/wp-json\/wp\/v2\/types\/post"}],"author":[{"embeddable":true,"href":"https:\/\/hostnetart.com.br\/baixada\/wp-json\/wp\/v2\/users\/2"}],"replies":[{"embeddable":true,"href":"https:\/\/hostnetart.com.br\/baixada\/wp-json\/wp\/v2\/comments?post=5139"}],"version-history":[{"count":0,"href":"https:\/\/hostnetart.com.br\/baixada\/wp-json\/wp\/v2\/posts\/5139\/revisions"}],"wp:featuredmedia":[{"embeddable":true,"href":"https:\/\/hostnetart.com.br\/baixada\/wp-json\/wp\/v2\/media\/5138"}],"wp:attachment":[{"href":"https:\/\/hostnetart.com.br\/baixada\/wp-json\/wp\/v2\/media?parent=5139"}],"wp:term":[{"taxonomy":"category","embeddable":true,"href":"https:\/\/hostnetart.com.br\/baixada\/wp-json\/wp\/v2\/categories?post=5139"},{"taxonomy":"post_tag","embeddable":true,"href":"https:\/\/hostnetart.com.br\/baixada\/wp-json\/wp\/v2\/tags?post=5139"}],"curies":[{"name":"wp","href":"https:\/\/api.w.org\/{rel}","templated":true}]}}