{"id":513,"date":"2014-01-08T00:00:00","date_gmt":"2014-01-08T02:00:00","guid":{"rendered":"https:\/\/hostnetart.com.br\/baixada\/santander-muda-estrutura-organizacional-e-troca-vice-presidente-de-rede\/"},"modified":"2014-01-08T00:00:00","modified_gmt":"2014-01-08T02:00:00","slug":"santander-muda-estrutura-organizacional-e-troca-vice-presidente-de-rede","status":"publish","type":"post","link":"https:\/\/hostnetart.com.br\/baixada\/santander-muda-estrutura-organizacional-e-troca-vice-presidente-de-rede\/","title":{"rendered":"Santander muda estrutura organizacional e troca vice-presidente de rede"},"content":{"rendered":"<p>Em mensagem enviada no \u00faltimo dia 23 de dezembro aos funcion\u00e1rios, o presidente do Santander Brasil, Jes\u00fas Zabalza, anunciou mudan\u00e7as na estrutura organizacional do banco. Pedro Coutinho n\u00e3o \u00e9 mais o vice-presidente executivo comercial. Ele foi substitu\u00eddo por Juan Moreno, que era vice-presidente da Banca Comercial do Santander M\u00e9xico.<\/p>\n<p>\u00a0<br \/>Juan Moreno, que est\u00e1 no Grupo Santander desde 1997, ficar\u00e1 respons\u00e1vel pela Rede Comercial, Universidades e Canais, reportando ao vice-presidente executivo s\u00eanior de varejo, Conrado Engel.<\/p>\n<p>\u00a0<br \/>Pedro Coutinho foi nomeado para a rec\u00e9m-criada Vice-presid\u00eancia Executiva de Desenvolvimento de Novos Neg\u00f3cios, que reportar\u00e1 diretamente ao presidente do Santander. \u201cO foco ser\u00e1 a busca de novas oportunidades de neg\u00f3cios, bem como a consolida\u00e7\u00e3o, expans\u00e3o e incremento acelerado de algumas atividades j\u00e1 em desenvolvimento\u201d, justificou Zabalza.<\/p>\n<p>\u00a0<br \/><strong>Expectativas<\/strong><\/p>\n<p>\u00a0<br \/>\u201cA sa\u00edda de Pedro Coutinho abre a possibilidade de mudan\u00e7a na gest\u00e3o do banco\u201d, aponta o secret\u00e1rio de imprensa da Contraf-CUT, Ademir Wiederkehr. \u201cEsse modelo baseado em demiss\u00f5es, rotatividade, falta de funcion\u00e1rios, cobran\u00e7a de metas abusivas, ass\u00e9dio moral, estresse, inseguran\u00e7a e adoecimento n\u00e3o serve e s\u00f3 tem piorado as condi\u00e7\u00f5es de trabalho e o atendimento aos clientes\u201d, explica o dirigente sindical.<\/p>\n<p>\u00a0<br \/>O Santander foi o banco que mais cortou postos de trabalho nos primeiros nove meses de 2013, fechando 3.414 empregos, conforme an\u00e1lise do Dieese. Pioraram at\u00e9 os servi\u00e7os de limpeza, uma vez que muitas ag\u00eancias passaram a ter somente algumas horas de faxina por dia. \u201cEssa redu\u00e7\u00e3o de custos \u00e9 ruim para o atendimento, o desempenho e a imagem do banco\u201d, salienta Ademir. \u201cN\u00e3o \u00e9 \u00e0 toa que o Santander foi o banco que liderou no ano passado o ranking mensal de reclama\u00e7\u00f5es de clientes no Banco Central\u201d, acrescenta.<\/p>\n<p>\u00a0<\/p>\n<p>Para o diretor da Fetraf RJ-ES, Paulo Garcez, \u201ca sa\u00edda de Pedro Coutinho traz um grande al\u00edvio para os funcion\u00e1rios das ag\u00eancias, cansados das press\u00f5es descabidas para alcan\u00e7ar resultados inating\u00edveis\u201d.<\/p>\n<p>\u00a0<\/p>\n<p>\u201cEsperamos que o novo respons\u00e1vel pela rede comercial n\u00e3o traga a pol\u00edtica nefasta de terceiriza\u00e7\u00f5es do M\u00e9xico\u201d, alerta a diretora do Sindicato dos Banc\u00e1rios de S\u00e3o Paulo, Vera Marchioni.<\/p>\n<p>\u00a0<\/p>\n<p>\u201cQueremos que o banco seja o melhor, mas para isso tem que investir nas pessoas, coisa que n\u00e3o vem ocorrendo\u201d, enfatiza o presidente da Afubesp, Camilo Fernandes.<\/p>\n<p>\u00a0<\/p>\n<p>Ademir ressalta que \u201cuma nova gest\u00e3o do banco passa pelo fim das demiss\u00f5es, mais contrata\u00e7\u00f5es, igualdade de oportunidades e melhores condi\u00e7\u00f5es de sa\u00fade, seguran\u00e7a e trabalho, bem como pelo respeito aos aposentados, quase sempre tratados com descaso na rede de ag\u00eancias\u201d.<\/p>\n<p>\u00a0<br \/>Fonte: Contraf-CUT<\/p>\n","protected":false},"excerpt":{"rendered":"<p>Em mensagem enviada no \u00faltimo dia 23 de dezembro aos funcion\u00e1rios, o presidente do Santander Brasil, Jes\u00fas Zabalza, anunciou mudan\u00e7as na estrutura organizacional do banco. Pedro Coutinho n\u00e3o \u00e9 mais o vice-presidente executivo comercial. Ele foi substitu\u00eddo por Juan Moreno, que era vice-presidente da Banca Comercial do Santander M\u00e9xico. \u00a0Juan Moreno, que est\u00e1 no Grupo [&hellip;]<\/p>\n","protected":false},"author":1,"featured_media":0,"comment_status":"","ping_status":"","sticky":false,"template":"","format":"standard","meta":{"footnotes":""},"categories":[3],"tags":[],"class_list":["post-513","post","type-post","status-publish","format-standard","hentry","category-noticias"],"_links":{"self":[{"href":"https:\/\/hostnetart.com.br\/baixada\/wp-json\/wp\/v2\/posts\/513","targetHints":{"allow":["GET"]}}],"collection":[{"href":"https:\/\/hostnetart.com.br\/baixada\/wp-json\/wp\/v2\/posts"}],"about":[{"href":"https:\/\/hostnetart.com.br\/baixada\/wp-json\/wp\/v2\/types\/post"}],"author":[{"embeddable":true,"href":"https:\/\/hostnetart.com.br\/baixada\/wp-json\/wp\/v2\/users\/1"}],"replies":[{"embeddable":true,"href":"https:\/\/hostnetart.com.br\/baixada\/wp-json\/wp\/v2\/comments?post=513"}],"version-history":[{"count":0,"href":"https:\/\/hostnetart.com.br\/baixada\/wp-json\/wp\/v2\/posts\/513\/revisions"}],"wp:attachment":[{"href":"https:\/\/hostnetart.com.br\/baixada\/wp-json\/wp\/v2\/media?parent=513"}],"wp:term":[{"taxonomy":"category","embeddable":true,"href":"https:\/\/hostnetart.com.br\/baixada\/wp-json\/wp\/v2\/categories?post=513"},{"taxonomy":"post_tag","embeddable":true,"href":"https:\/\/hostnetart.com.br\/baixada\/wp-json\/wp\/v2\/tags?post=513"}],"curies":[{"name":"wp","href":"https:\/\/api.w.org\/{rel}","templated":true}]}}