{"id":5127,"date":"2018-08-23T18:21:44","date_gmt":"2018-08-23T21:21:44","guid":{"rendered":"https:\/\/hostnetart.com.br\/baixada\/nona-rodada-de-negociacao-comeca-na-tarde-desta-quinta-23\/"},"modified":"2018-08-23T18:21:44","modified_gmt":"2018-08-23T21:21:44","slug":"nona-rodada-de-negociacao-comeca-na-tarde-desta-quinta-23","status":"publish","type":"post","link":"https:\/\/hostnetart.com.br\/baixada\/nona-rodada-de-negociacao-comeca-na-tarde-desta-quinta-23\/","title":{"rendered":"Nona rodada de negocia\u00e7\u00e3o come\u00e7a na tarde desta quinta (23)"},"content":{"rendered":"<div class=\"content\">\n<p>A nona rodada de negocia\u00e7\u00e3o da Campanha Nacional Unificada 2018 come\u00e7a na tarde desta quinta-feira. Os banc\u00e1rios est\u00e3o mobilizados por todo o Brasil \u00e0 espera de uma proposta decente da Federa\u00e7\u00e3o Nacional dos Bancos (Fenaban).<\/p>\n<p>Na \u00faltima reuni\u00e3o, realizada na ter\u00e7a-feira (21), Comando Nacional dos Banc\u00e1rios rejeitou a proposta apresentada e indicou que os sindicatos fizessem paralisa\u00e7\u00f5es parciais para dialogar com a categoria.<\/p>\n<p>Leia mais:<\/p>\n<p><a href=\"http:\/\/www.contrafcut.org.br\/noticias\/proposta-de-retirada-de-direitos-da-fenaban-leva-bancarios-a-paralisacao-parcial-547a\/\">Proposta de retirada de direitos leva banc\u00e1rios \u00e0 paralisa\u00e7\u00e3o parcial; negocia\u00e7\u00e3o continua nesta quinta<\/a><\/p>\n<p><a href=\"http:\/\/www.contrafcut.org.br\/noticias\/mesa-com-a-caixa-continua-dia-23-5b18\/\">Mesa com a Caixa continua dia 23<\/a><\/p>\n<p><a href=\"http:\/\/www.contrafcut.org.br\/noticias\/banco-do-brasil-apresenta-redacao-de-clausulas-do-acordo-e-negociacao-continua-c441\/\">Banco do Brasil apresenta reda\u00e7\u00e3o de cl\u00e1usulas do acordo e negocia\u00e7\u00e3o continua<\/a><\/p>\n<p><a href=\"http:\/\/www.contrafcut.org.br\/noticias\/proposta-de-retirada-de-direitos-da-fenaban-leva-bancarios-a-paralisacao-parcial-547a\/\">Proposta de retirada de direitos leva banc\u00e1rios \u00e0 paralisa\u00e7\u00e3o parcial; negocia\u00e7\u00e3o continua nesta quinta<\/a><\/p>\n<\/div>\n<p id=\"page-author\"><strong>Fonte: Contraf-CUT<\/strong><\/p>\n","protected":false},"excerpt":{"rendered":"<p>A nona rodada de negocia\u00e7\u00e3o da Campanha Nacional Unificada 2018 come\u00e7a na tarde desta quinta-feira. Os banc\u00e1rios est\u00e3o mobilizados por todo o Brasil \u00e0 espera de uma proposta decente da Federa\u00e7\u00e3o Nacional dos Bancos (Fenaban). Na \u00faltima reuni\u00e3o, realizada na ter\u00e7a-feira (21), Comando Nacional dos Banc\u00e1rios rejeitou a proposta apresentada e indicou que os sindicatos [&hellip;]<\/p>\n","protected":false},"author":2,"featured_media":5126,"comment_status":"","ping_status":"","sticky":false,"template":"","format":"standard","meta":{"footnotes":""},"categories":[3],"tags":[],"class_list":["post-5127","post","type-post","status-publish","format-standard","has-post-thumbnail","hentry","category-noticias"],"_links":{"self":[{"href":"https:\/\/hostnetart.com.br\/baixada\/wp-json\/wp\/v2\/posts\/5127","targetHints":{"allow":["GET"]}}],"collection":[{"href":"https:\/\/hostnetart.com.br\/baixada\/wp-json\/wp\/v2\/posts"}],"about":[{"href":"https:\/\/hostnetart.com.br\/baixada\/wp-json\/wp\/v2\/types\/post"}],"author":[{"embeddable":true,"href":"https:\/\/hostnetart.com.br\/baixada\/wp-json\/wp\/v2\/users\/2"}],"replies":[{"embeddable":true,"href":"https:\/\/hostnetart.com.br\/baixada\/wp-json\/wp\/v2\/comments?post=5127"}],"version-history":[{"count":0,"href":"https:\/\/hostnetart.com.br\/baixada\/wp-json\/wp\/v2\/posts\/5127\/revisions"}],"wp:featuredmedia":[{"embeddable":true,"href":"https:\/\/hostnetart.com.br\/baixada\/wp-json\/wp\/v2\/media\/5126"}],"wp:attachment":[{"href":"https:\/\/hostnetart.com.br\/baixada\/wp-json\/wp\/v2\/media?parent=5127"}],"wp:term":[{"taxonomy":"category","embeddable":true,"href":"https:\/\/hostnetart.com.br\/baixada\/wp-json\/wp\/v2\/categories?post=5127"},{"taxonomy":"post_tag","embeddable":true,"href":"https:\/\/hostnetart.com.br\/baixada\/wp-json\/wp\/v2\/tags?post=5127"}],"curies":[{"name":"wp","href":"https:\/\/api.w.org\/{rel}","templated":true}]}}