{"id":5123,"date":"2018-08-23T15:24:24","date_gmt":"2018-08-23T18:24:24","guid":{"rendered":"https:\/\/hostnetart.com.br\/baixada\/entidades-reunem-denuncias-contra-acoes-do-exercito-nas-comunidades-do-rio\/"},"modified":"2018-08-23T15:24:24","modified_gmt":"2018-08-23T18:24:24","slug":"entidades-reunem-denuncias-contra-acoes-do-exercito-nas-comunidades-do-rio","status":"publish","type":"post","link":"https:\/\/hostnetart.com.br\/baixada\/entidades-reunem-denuncias-contra-acoes-do-exercito-nas-comunidades-do-rio\/","title":{"rendered":"Entidades re\u00fanem den\u00fancias contra a\u00e7\u00f5es do ex\u00e9rcito nas comunidades do Rio"},"content":{"rendered":"<p class=\" \">Representantes da Defensoria P\u00fablica do Rio de Janeiro, entidades da sociedade civil e a Comiss\u00e3o de Direitos Humanos da Assembleia Legislativa do Rio (Alerj) ouviram, nesta quarta-feira (22), den\u00fancias dos moradores do Complexo da Penha, um dos tr\u00eas conjuntos de favelas da zona norte da capital fluminense que, desde segunda-feira (20), passam por uma violenta <a class=\"internal-link\" title=\"\" href=\"https:\/\/www.redebrasilatual.com.br\/cidadania\/2018\/08\/rio-de-janeiro-registra-recorde-de-tiroteios-no-ano-apos-operacao-militar\" target=\"_blank\" rel=\"noopener noreferrer\">opera\u00e7\u00e3o comandada por militares<\/a> e com in\u00fameros relatos de <a class=\"internal-link\" title=\"\" href=\"https:\/\/www.redebrasilatual.com.br\/cidadania\/2018\/07\/maes-denunciam-violacoes-cotidianas-contra-criancas-com-intervencao-no-rio\" target=\"_blank\" rel=\"noopener noreferrer\">viola\u00e7\u00e3o de direitos<\/a>.<\/p>\n<p class=\" \">De acordo com os relatos, os militares estariam cometendo uma s\u00e9rie de arbitrariedades e at\u00e9 torturas contra moradores das comunidades. H\u00e1 den\u00fancias que v\u00e3o desde a revista em celulares at\u00e9 corpos que foram espalhados pela \u00e1rea de mata da Mar\u00e9, onde o ex\u00e9rcito tamb\u00e9m promove opera\u00e7\u00f5es especiais.<\/p>\n<p class=\" \">&#8220;Teve uma menina que trabalha na escola e mora l\u00e1 em cima (no Complexo do Alem\u00e3o) e foi revistada na descida pelos soldados do ex\u00e9rcito que fizeram ela at\u00e9 abrir a marmita para mostrar o que tinha dentro&#8221;, descreve a jornalista Ana Carolina Borges.<\/p>\n<p class=\" \">A Defensoria P\u00fablica est\u00e1 reunindo os relatos para poder embasar poss\u00edveis a\u00e7\u00f5es judiciais que visem a garantir a integridade dos moradores. O \u00f3rg\u00e3o investiga ainda poss\u00edveis mortes ocorridas durante a <a class=\"internal-link\" title=\"\" href=\"https:\/\/www.redebrasilatual.com.br\/cidadania\/2018\/08\/apos-seis-meses-intervencao-no-rio-produz-resultados-pifios-diz-relatorio\" target=\"_blank\" rel=\"noopener noreferrer\">interven\u00e7\u00e3o<\/a> e n\u00e3o contabilizadas no balan\u00e7o oficial do gabinete da Interven\u00e7\u00e3o que aponta, at\u00e9 o momento, a morte de oito pessoas, tr\u00eas soldados e cinco civis vitimizados. &#8220;Morar na favela n\u00e3o significa que a pessoa tem que viver assim, \u00e9 inaceit\u00e1vel qualquer ser humano passar por essas situa\u00e7\u00f5es&#8221;, afirma a integrante da comiss\u00e3o da Alerj M\u00f4nica Cunha.<\/p>\n<p class=\" \">\u00a0<\/p>\n<p class=\" \"><strong>FONTE: Rede Brasil Atual<\/strong><\/p>\n","protected":false},"excerpt":{"rendered":"<p>Representantes da Defensoria P\u00fablica do Rio de Janeiro, entidades da sociedade civil e a Comiss\u00e3o de Direitos Humanos da Assembleia Legislativa do Rio (Alerj) ouviram, nesta quarta-feira (22), den\u00fancias dos moradores do Complexo da Penha, um dos tr\u00eas conjuntos de favelas da zona norte da capital fluminense que, desde segunda-feira (20), passam por uma violenta [&hellip;]<\/p>\n","protected":false},"author":2,"featured_media":5122,"comment_status":"","ping_status":"","sticky":false,"template":"","format":"standard","meta":{"footnotes":""},"categories":[3],"tags":[],"class_list":["post-5123","post","type-post","status-publish","format-standard","has-post-thumbnail","hentry","category-noticias"],"_links":{"self":[{"href":"https:\/\/hostnetart.com.br\/baixada\/wp-json\/wp\/v2\/posts\/5123","targetHints":{"allow":["GET"]}}],"collection":[{"href":"https:\/\/hostnetart.com.br\/baixada\/wp-json\/wp\/v2\/posts"}],"about":[{"href":"https:\/\/hostnetart.com.br\/baixada\/wp-json\/wp\/v2\/types\/post"}],"author":[{"embeddable":true,"href":"https:\/\/hostnetart.com.br\/baixada\/wp-json\/wp\/v2\/users\/2"}],"replies":[{"embeddable":true,"href":"https:\/\/hostnetart.com.br\/baixada\/wp-json\/wp\/v2\/comments?post=5123"}],"version-history":[{"count":0,"href":"https:\/\/hostnetart.com.br\/baixada\/wp-json\/wp\/v2\/posts\/5123\/revisions"}],"wp:featuredmedia":[{"embeddable":true,"href":"https:\/\/hostnetart.com.br\/baixada\/wp-json\/wp\/v2\/media\/5122"}],"wp:attachment":[{"href":"https:\/\/hostnetart.com.br\/baixada\/wp-json\/wp\/v2\/media?parent=5123"}],"wp:term":[{"taxonomy":"category","embeddable":true,"href":"https:\/\/hostnetart.com.br\/baixada\/wp-json\/wp\/v2\/categories?post=5123"},{"taxonomy":"post_tag","embeddable":true,"href":"https:\/\/hostnetart.com.br\/baixada\/wp-json\/wp\/v2\/tags?post=5123"}],"curies":[{"name":"wp","href":"https:\/\/api.w.org\/{rel}","templated":true}]}}