{"id":5119,"date":"2018-08-23T15:22:04","date_gmt":"2018-08-23T18:22:04","guid":{"rendered":"https:\/\/hostnetart.com.br\/baixada\/vaga-abertas-em-julho-salario-medio-9-menor-e-mais-emprego-precario\/"},"modified":"2018-08-23T15:22:04","modified_gmt":"2018-08-23T18:22:04","slug":"vaga-abertas-em-julho-salario-medio-9-menor-e-mais-emprego-precario","status":"publish","type":"post","link":"https:\/\/hostnetart.com.br\/baixada\/vaga-abertas-em-julho-salario-medio-9-menor-e-mais-emprego-precario\/","title":{"rendered":"Vaga abertas em julho: sal\u00e1rio m\u00e9dio 9% menor e mais emprego prec\u00e1rio"},"content":{"rendered":"<p>O mercado formal de trabalho abriu 47.319 vagas em julho, melhor resultado para o m\u00eas em seis anos, segundo o Cadastro Geral de Empregados e Desempregados (Caged), do Minist\u00e9rio do Trabalho, que divulgou os resultados no final da tarde desta quarta-feira (22). O estoque de vagas com carteira avan\u00e7ou 0,12%, para um total de 38,317 milh\u00f5es \u2013 eram 41 milh\u00f5es em igual m\u00eas de 2014.<\/p>\n<p>Mais uma vez, o sal\u00e1rio de quem entra \u00e9 menor do que o de quem sai. E parte dos empregos vem do trabalho intermitente ou parcial, ocupa\u00e7\u00f5es consideradas prec\u00e1rias criadas pela &#8220;reforma&#8221; trabalhista.<\/p>\n<p>Os setores de agropecu\u00e1ria e de servi\u00e7os foram os principais respons\u00e1veis pela abertura de empregos com carteira no m\u00eas passado, com saldo de 17.455 (1,07%) e 14.548 (0,09%), respectivamente. Na constru\u00e7\u00e3o civil, foram criadas 10.063 vagas, aumento de 0,49%.<\/p>\n<p>De janeiro a julho, o saldo do Caged chega a 448.263 vagas, crescimento de 1,18%. A maior parte vem dos servi\u00e7os: 298.457 (1,78%). Em 12 meses, esse setor responde pela quase totalidade dos empregos formais. O Caged tem saldo de 286.121 (0,75%) e os servi\u00e7os, de 248.481 (1,48%). Depois vem o com\u00e9rcio, com 55.660 (0,63%).<\/p>\n<p>Em julho, o sal\u00e1rio m\u00e9dio de admiss\u00e3o foi de R$ 1.536,12, segundo o Caged. J\u00e1 o ganho m\u00e9dio dos demitidos era de R$ 1.692,42. Diferen\u00e7a de -9,2%<\/p>\n<p>Apenas o trabalho intermitente, com menor grau de prote\u00e7\u00e3o e ganho, respondeu por 3.399 vagas. E o trabalho parcial, por 813.<\/p>\n<p>\u00a0<\/p>\n<p><strong>FONTE: Rede Brasil Atual<\/strong><\/p>\n","protected":false},"excerpt":{"rendered":"<p>O mercado formal de trabalho abriu 47.319 vagas em julho, melhor resultado para o m\u00eas em seis anos, segundo o Cadastro Geral de Empregados e Desempregados (Caged), do Minist\u00e9rio do Trabalho, que divulgou os resultados no final da tarde desta quarta-feira (22). O estoque de vagas com carteira avan\u00e7ou 0,12%, para um total de 38,317 [&hellip;]<\/p>\n","protected":false},"author":2,"featured_media":5118,"comment_status":"","ping_status":"","sticky":false,"template":"","format":"standard","meta":{"footnotes":""},"categories":[3],"tags":[],"class_list":["post-5119","post","type-post","status-publish","format-standard","has-post-thumbnail","hentry","category-noticias"],"_links":{"self":[{"href":"https:\/\/hostnetart.com.br\/baixada\/wp-json\/wp\/v2\/posts\/5119","targetHints":{"allow":["GET"]}}],"collection":[{"href":"https:\/\/hostnetart.com.br\/baixada\/wp-json\/wp\/v2\/posts"}],"about":[{"href":"https:\/\/hostnetart.com.br\/baixada\/wp-json\/wp\/v2\/types\/post"}],"author":[{"embeddable":true,"href":"https:\/\/hostnetart.com.br\/baixada\/wp-json\/wp\/v2\/users\/2"}],"replies":[{"embeddable":true,"href":"https:\/\/hostnetart.com.br\/baixada\/wp-json\/wp\/v2\/comments?post=5119"}],"version-history":[{"count":0,"href":"https:\/\/hostnetart.com.br\/baixada\/wp-json\/wp\/v2\/posts\/5119\/revisions"}],"wp:featuredmedia":[{"embeddable":true,"href":"https:\/\/hostnetart.com.br\/baixada\/wp-json\/wp\/v2\/media\/5118"}],"wp:attachment":[{"href":"https:\/\/hostnetart.com.br\/baixada\/wp-json\/wp\/v2\/media?parent=5119"}],"wp:term":[{"taxonomy":"category","embeddable":true,"href":"https:\/\/hostnetart.com.br\/baixada\/wp-json\/wp\/v2\/categories?post=5119"},{"taxonomy":"post_tag","embeddable":true,"href":"https:\/\/hostnetart.com.br\/baixada\/wp-json\/wp\/v2\/tags?post=5119"}],"curies":[{"name":"wp","href":"https:\/\/api.w.org\/{rel}","templated":true}]}}