{"id":5111,"date":"2018-08-22T21:46:10","date_gmt":"2018-08-23T00:46:10","guid":{"rendered":"https:\/\/hostnetart.com.br\/baixada\/bancarios-realizam-dia-de-paralisacao-e-protestos-contra-proposta-apresentada-pelos-banqueiros\/"},"modified":"2018-08-22T21:46:10","modified_gmt":"2018-08-23T00:46:10","slug":"bancarios-realizam-dia-de-paralisacao-e-protestos-contra-proposta-apresentada-pelos-banqueiros","status":"publish","type":"post","link":"https:\/\/hostnetart.com.br\/baixada\/bancarios-realizam-dia-de-paralisacao-e-protestos-contra-proposta-apresentada-pelos-banqueiros\/","title":{"rendered":"Banc\u00e1rios realizam dia de paralisa\u00e7\u00e3o e protestos contra proposta apresentada pelos banqueiros"},"content":{"rendered":"<div class=\"content\">\n<p>Banc\u00e1rios de todo o pa\u00eds realizaram, nesta quarta-feira (22), uma paralisa\u00e7\u00e3o parcial nas ag\u00eancias em forma de protesto contra a proposta apresentada pela Federa\u00e7\u00e3o Nacional dos Bancos (Fenaban) ao Comando Nacional dos Banc\u00e1rios. Na mesa de negocia\u00e7\u00e3o, realizada na ter\u00e7a-feira (21), os bancos insistiram em um acordo insuficiente e que retira direitos dos trabalhadores.<\/p>\n<p>De acordo com a presidenta da Confedera\u00e7\u00e3o Nacional dos Trabalhadores do Ramo Financeiro (Contraf-CUT), Juvandia Moreira, a categoria deve continuar com a mobiliza\u00e7\u00e3o. \u201cEsta \u00e9 a semana de lutas e, depois da negocia\u00e7\u00e3o de ontem, o Comando decidiu paralisar as ag\u00eancias hoje para dialogar com os banc\u00e1rios e dar o recado aos bancos que, se insistirem na proposta de corte de direitos e desvaloriza\u00e7\u00e3o de seus funcion\u00e1rios, infelizmente estar\u00e3o jogando a categoria para uma greve. Fechar Acordo e evitar a greve s\u00f3 depende dos bancos\u201d, afirmou a dirigente sindical.<\/p>\n<p>Al\u00e9m de paralisa\u00e7\u00f5es, os sindicatos fizeram manifesta\u00e7\u00f5es e reuni\u00f5es nas ag\u00eancias para dialogar com os banc\u00e1rios sobre a proposta da negocia\u00e7\u00e3o, que foi rejeitada na mesa pelo Comando Nacional dos Banc\u00e1rios.<\/p>\n<p>A negocia\u00e7\u00e3o continuar\u00e1 nesta quinta-feira (23), \u00e0s 10h, e os banc\u00e1rios esperam uma proposta decente, que garanta os direitos conquistados em anos de luta da categoria e a prote\u00e7\u00e3o contra contratos prec\u00e1rios previstos na nova legisla\u00e7\u00e3o trabalhista.<\/p>\n<p>Veja como foi em alguns estados:<\/p>\n<p>&gt; <a href=\"http:\/\/contrafcut.org.br\/noticias\/bancarios-paralisam-agencias-por-duas-horas-no-centro-de-porto-alegre-3571\">Banc\u00e1rios paralisam ag\u00eancias por duas horas em Porto Alegre<\/a><\/p>\n<p>&gt;\u00a0<a href=\"http:\/\/contrafcut.org.br\/noticias\/categoria-repudia-proposta-insuficiente-da-fenaban-com-mais-um-ato-em-bh-cde6\">Categoria repudia proposta insuficiente da Fenaban com mais um ato em BH<\/a><\/p>\n<p>&gt;\u00a0<a href=\"http:\/\/contrafcut.org.br\/noticias\/bancarios-paralisam-agencias-e-exigem-proposta-decente-da-fenaban-6761\">Banc\u00e1rios paralisam ag\u00eancias em SP e exigem proposta decente da Fenaban<\/a><\/p>\n<p>\u00a0<\/p>\n<p>\u00a0<\/p>\n<p>\u00a0<\/p>\n<\/div>\n<p id=\"page-author\"><strong>Fonte: Contraf-CUT<\/strong><\/p>\n","protected":false},"excerpt":{"rendered":"<p>Banc\u00e1rios de todo o pa\u00eds realizaram, nesta quarta-feira (22), uma paralisa\u00e7\u00e3o parcial nas ag\u00eancias em forma de protesto contra a proposta apresentada pela Federa\u00e7\u00e3o Nacional dos Bancos (Fenaban) ao Comando Nacional dos Banc\u00e1rios. Na mesa de negocia\u00e7\u00e3o, realizada na ter\u00e7a-feira (21), os bancos insistiram em um acordo insuficiente e que retira direitos dos trabalhadores. De [&hellip;]<\/p>\n","protected":false},"author":2,"featured_media":5110,"comment_status":"","ping_status":"","sticky":false,"template":"","format":"standard","meta":{"footnotes":""},"categories":[3],"tags":[],"class_list":["post-5111","post","type-post","status-publish","format-standard","has-post-thumbnail","hentry","category-noticias"],"_links":{"self":[{"href":"https:\/\/hostnetart.com.br\/baixada\/wp-json\/wp\/v2\/posts\/5111","targetHints":{"allow":["GET"]}}],"collection":[{"href":"https:\/\/hostnetart.com.br\/baixada\/wp-json\/wp\/v2\/posts"}],"about":[{"href":"https:\/\/hostnetart.com.br\/baixada\/wp-json\/wp\/v2\/types\/post"}],"author":[{"embeddable":true,"href":"https:\/\/hostnetart.com.br\/baixada\/wp-json\/wp\/v2\/users\/2"}],"replies":[{"embeddable":true,"href":"https:\/\/hostnetart.com.br\/baixada\/wp-json\/wp\/v2\/comments?post=5111"}],"version-history":[{"count":0,"href":"https:\/\/hostnetart.com.br\/baixada\/wp-json\/wp\/v2\/posts\/5111\/revisions"}],"wp:featuredmedia":[{"embeddable":true,"href":"https:\/\/hostnetart.com.br\/baixada\/wp-json\/wp\/v2\/media\/5110"}],"wp:attachment":[{"href":"https:\/\/hostnetart.com.br\/baixada\/wp-json\/wp\/v2\/media?parent=5111"}],"wp:term":[{"taxonomy":"category","embeddable":true,"href":"https:\/\/hostnetart.com.br\/baixada\/wp-json\/wp\/v2\/categories?post=5111"},{"taxonomy":"post_tag","embeddable":true,"href":"https:\/\/hostnetart.com.br\/baixada\/wp-json\/wp\/v2\/tags?post=5111"}],"curies":[{"name":"wp","href":"https:\/\/api.w.org\/{rel}","templated":true}]}}